{"id":11721,"date":"2023-06-11T10:46:01","date_gmt":"2023-06-11T10:46:01","guid":{"rendered":"http:\/\/paroquiagloria.org\/v2\/?p=11721"},"modified":"2023-06-11T10:46:02","modified_gmt":"2023-06-11T10:46:02","slug":"peditorio-conferencia-vicentina-3","status":"publish","type":"post","link":"http:\/\/paroquiagloria.org\/v2\/?p=11721","title":{"rendered":"Pedit\u00f3rio Confer\u00eancia Vicentina"},"content":{"rendered":"\n<div class=\"wp-block-image\"><figure class=\"aligncenter size-full\"><a href=\"http:\/\/paroquiagloria.org\/v2\/wp-content\/uploads\/2013\/02\/S\u00e3o-Vicente-de-Paulo.jpg\"><img loading=\"lazy\" width=\"277\" height=\"400\" src=\"http:\/\/paroquiagloria.org\/v2\/wp-content\/uploads\/2013\/02\/S\u00e3o-Vicente-de-Paulo.jpg\" alt=\"\" class=\"wp-image-562\" srcset=\"http:\/\/paroquiagloria.org\/v2\/wp-content\/uploads\/2013\/02\/S\u00e3o-Vicente-de-Paulo.jpg 277w, http:\/\/paroquiagloria.org\/v2\/wp-content\/uploads\/2013\/02\/S\u00e3o-Vicente-de-Paulo-207x300.jpg 207w\" sizes=\"(max-width: 277px) 100vw, 277px\" \/><\/a><\/figure><\/div>\n\n\n\n<p>O pr\u00f3ximo fim de semana, dias 17 e 18, terceiro do m\u00eas \u00e9 habitualmente dedicado ao pedit\u00f3rio das Confer\u00eancias Vicentinas (Nossa Senhora da Gl\u00f3ria e de Vilar). Devido \u00e0 supress\u00e3o das Eucaristias da manh\u00e3, o pedit\u00f3rio realizar-se-\u00e1 no fim de semana seguinte.<\/p>\n","protected":false},"excerpt":{"rendered":"<p>O pr\u00f3ximo fim de semana, dias 17 e 18, terceiro do m\u00eas \u00e9 habitualmente dedicado ao pedit\u00f3rio das Confer\u00eancias Vicentinas (Nossa Senhora da Gl\u00f3ria e de Vilar). Devido \u00e0 supress\u00e3o das Eucaristias da manh\u00e3, o pedit\u00f3rio realizar-se-\u00e1 no fim de semana seguinte.<\/p>\n","protected":false},"author":1,"featured_media":9743,"comment_status":"open","ping_status":"closed","sticky":false,"template":"","format":"standard","meta":{"ngg_post_thumbnail":0},"categories":[1,4,2,6],"tags":[],"_links":{"self":[{"href":"http:\/\/paroquiagloria.org\/v2\/index.php?rest_route=\/wp\/v2\/posts\/11721"}],"collection":[{"href":"http:\/\/paroquiagloria.org\/v2\/index.php?rest_route=\/wp\/v2\/posts"}],"about":[{"href":"http:\/\/paroquiagloria.org\/v2\/index.php?rest_route=\/wp\/v2\/types\/post"}],"author":[{"embeddable":true,"href":"http:\/\/paroquiagloria.org\/v2\/index.php?rest_route=\/wp\/v2\/users\/1"}],"replies":[{"embeddable":true,"href":"http:\/\/paroquiagloria.org\/v2\/index.php?rest_route=%2Fwp%2Fv2%2Fcomments&post=11721"}],"version-history":[{"count":1,"href":"http:\/\/paroquiagloria.org\/v2\/index.php?rest_route=\/wp\/v2\/posts\/11721\/revisions"}],"predecessor-version":[{"id":11722,"href":"http:\/\/paroquiagloria.org\/v2\/index.php?rest_route=\/wp\/v2\/posts\/11721\/revisions\/11722"}],"wp:featuredmedia":[{"embeddable":true,"href":"http:\/\/paroquiagloria.org\/v2\/index.php?rest_route=\/wp\/v2\/media\/9743"}],"wp:attachment":[{"href":"http:\/\/paroquiagloria.org\/v2\/index.php?rest_route=%2Fwp%2Fv2%2Fmedia&parent=11721"}],"wp:term":[{"taxonomy":"category","embeddable":true,"href":"http:\/\/paroquiagloria.org\/v2\/index.php?rest_route=%2Fwp%2Fv2%2Fcategories&post=11721"},{"taxonomy":"post_tag","embeddable":true,"href":"http:\/\/paroquiagloria.org\/v2\/index.php?rest_route=%2Fwp%2Fv2%2Ftags&post=11721"}],"curies":[{"name":"wp","href":"https:\/\/api.w.org\/{rel}","templated":true}]}}