{"id":11701,"date":"2023-06-03T19:13:29","date_gmt":"2023-06-03T19:13:29","guid":{"rendered":"http:\/\/paroquiagloria.org\/v2\/?p=11701"},"modified":"2023-06-03T19:16:41","modified_gmt":"2023-06-03T19:16:41","slug":"90-anos-do-instituto-secular-das-cooperadoras-da-familia-iscf-parte-1","status":"publish","type":"post","link":"http:\/\/paroquiagloria.org\/v2\/?p=11701","title":{"rendered":"90 anos do Instituto Secular das Cooperadoras da Fam\u00edlia (ISCF) &#8211; parte 1"},"content":{"rendered":"\n<div class=\"wp-block-image\"><figure class=\"aligncenter size-full\"><a href=\"http:\/\/paroquiagloria.org\/v2\/wp-content\/uploads\/2023\/06\/ISCF.png\"><img loading=\"lazy\" width=\"325\" height=\"110\" src=\"http:\/\/paroquiagloria.org\/v2\/wp-content\/uploads\/2023\/06\/ISCF.png\" alt=\"\" class=\"wp-image-11694\" srcset=\"http:\/\/paroquiagloria.org\/v2\/wp-content\/uploads\/2023\/06\/ISCF.png 325w, http:\/\/paroquiagloria.org\/v2\/wp-content\/uploads\/2023\/06\/ISCF-300x102.png 300w\" sizes=\"(max-width: 325px) 100vw, 325px\" \/><\/a><\/figure><\/div>\n\n\n\n<p>\u00c9 com profundo j\u00fabilo que celebramos 90 anos de vida e a\u00e7\u00e3o do Instituto Secular das Cooperadoras da Fam\u00edlia. 90 anos de escuta de Deus e dos clamores dos mais desfavorecidos. 90 anos de servi\u00e7o e escuta dos clamores da fam\u00edlia. Obrigado Senhor.<\/p>\n\n\n\n<p><strong>Quem s\u00e3o os Institutos Seculares?<\/strong><br>Eles pertencem \u00e0s diferentes categorias de Vida Consagrada na Igreja. Foi na primeira metade do s\u00e9culo XX, que a Igreja se enriquecia com uma nova forma de vida consagrada &#8211; a <strong><em>Secularidade Consagrada<\/em><\/strong> -. Depois de um longo processo de discernimento, os Institutos Seculares s\u00e3o reconhecidos e aprovados pela Igreja, com a Promulga\u00e7\u00e3o da Constitui\u00e7\u00e3o Apost\u00f3lica \u201c<em>Provida Mater Ecclesia<\/em>\u201d publicada pelo Papa Pio XII, em 1947.<br>Esta nova forma de Vida Consagrada surgiu com um prop\u00f3sito muito claro: realizar de uma forma mais viva e eficaz, mediante a consagra\u00e7\u00e3o dos seus membros, aquele di\u00e1logo Igreja-Mundo que o Conc\u00edlio Vaticano II viria a assumir na Constitui\u00e7\u00e3o Pastoral \u201c<em>Gaudium et Spes<\/em>\u201d, como um desafio fundamental a assumir pela Igreja.<br>A emiss\u00e3o dos Conselhos Evang\u00e9licos de Castidade, Pobreza e Obedi\u00eancia, elemento substancial de todas as formas de Vida Consagrada, acontece tamb\u00e9m nos Institutos Seculares, sendo conscientemente assumidos, por voca\u00e7\u00e3o e miss\u00e3o, por cada um dos seus membros. Esta Consagra\u00e7\u00e3o confere-lhes uma miss\u00e3o especial no mundo, para o consagrar e oferecer a Deus seu Criador e Senhor\u201d (<em>cf. GS n\u00ba 34<\/em>).<br>N\u00e3o \u00e9 uma consagra\u00e7\u00e3o religiosa, mas secular. A sua consagra\u00e7\u00e3o a Deus, \u00e9 vivida no mundo e a partir do mundo, mediante o Seguimento de Cristo, como explicitou Paulo VI: <em>\u201cEstais no mundo, sem ser do mundo, mas para o mundo\u201d. A vossa miss\u00e3o \u00e9 \u2018ser no mundo e para o mundo: fermento de sabedoria e testemunhas da gra\u00e7a\u2019<\/em>.<br>Os membros dos Institutos Seculares n\u00e3o usam qualquer distintivo, nem exterior nem de designa\u00e7\u00e3o. A \u2018discri\u00e7\u00e3o\u2019 \u00e9 um dos tra\u00e7os fundamentais desta voca\u00e7\u00e3o. Podem viver a s\u00f3s, em fam\u00edlia ou em grupos de vida fraterna. (<em>cf. CDC, c\u00e2none 714<\/em>). Desempenham a sua profiss\u00e3o e proveem ao seu sustento, de acordo com as orienta\u00e7\u00f5es do Instituto a que pertencem.<br>Qual o campo de miss\u00e3o dos Consagrados Seculares? A este respeito, diz o Papa Francisco: \u201cA miss\u00e3o que v\u00f3s desenvolveis \u00e9 peculiar e leva-vos a estar no meio do povo, para conhecer e compreender o que se passa no cora\u00e7\u00e3o dos homens e das mulheres de hoje, para vos alegrardes e sofrer com eles, com o estilo da proximidade. (\u2026) E v\u00f3s estais a\u00ed, sois chamados a estar a\u00ed, para testemunhar a bondade e a ternura de Deus, com gestos quotidianos de amor\u201d.<\/p>\n\n\n\n<p><\/p>\n\n\n\n<p><\/p>\n\n\n\n<p>MAIS INFORMA\u00c7\u00d5E<a href=\"https:\/\/iscf.pt\/\" data-type=\"URL\" data-id=\"https:\/\/iscf.pt\/\" target=\"_blank\" rel=\"noreferrer noopener\">S<\/a><\/p>\n","protected":false},"excerpt":{"rendered":"<p>\u00c9 com profundo j\u00fabilo que celebramos 90 anos de vida e a\u00e7\u00e3o do Instituto Secular das Cooperadoras da Fam\u00edlia. 90 anos de escuta de Deus e dos clamores dos mais desfavorecidos. 90 anos de servi\u00e7o e escuta dos clamores da fam\u00edlia. Obrigado Senhor. Quem s\u00e3o os Institutos Seculares?Eles pertencem \u00e0s diferentes categorias de Vida Consagrada [&hellip;]<\/p>\n","protected":false},"author":1,"featured_media":11688,"comment_status":"open","ping_status":"closed","sticky":false,"template":"","format":"standard","meta":{"ngg_post_thumbnail":0},"categories":[1,4,2,6],"tags":[],"_links":{"self":[{"href":"http:\/\/paroquiagloria.org\/v2\/index.php?rest_route=\/wp\/v2\/posts\/11701"}],"collection":[{"href":"http:\/\/paroquiagloria.org\/v2\/index.php?rest_route=\/wp\/v2\/posts"}],"about":[{"href":"http:\/\/paroquiagloria.org\/v2\/index.php?rest_route=\/wp\/v2\/types\/post"}],"author":[{"embeddable":true,"href":"http:\/\/paroquiagloria.org\/v2\/index.php?rest_route=\/wp\/v2\/users\/1"}],"replies":[{"embeddable":true,"href":"http:\/\/paroquiagloria.org\/v2\/index.php?rest_route=%2Fwp%2Fv2%2Fcomments&post=11701"}],"version-history":[{"count":2,"href":"http:\/\/paroquiagloria.org\/v2\/index.php?rest_route=\/wp\/v2\/posts\/11701\/revisions"}],"predecessor-version":[{"id":11706,"href":"http:\/\/paroquiagloria.org\/v2\/index.php?rest_route=\/wp\/v2\/posts\/11701\/revisions\/11706"}],"wp:featuredmedia":[{"embeddable":true,"href":"http:\/\/paroquiagloria.org\/v2\/index.php?rest_route=\/wp\/v2\/media\/11688"}],"wp:attachment":[{"href":"http:\/\/paroquiagloria.org\/v2\/index.php?rest_route=%2Fwp%2Fv2%2Fmedia&parent=11701"}],"wp:term":[{"taxonomy":"category","embeddable":true,"href":"http:\/\/paroquiagloria.org\/v2\/index.php?rest_route=%2Fwp%2Fv2%2Fcategories&post=11701"},{"taxonomy":"post_tag","embeddable":true,"href":"http:\/\/paroquiagloria.org\/v2\/index.php?rest_route=%2Fwp%2Fv2%2Ftags&post=11701"}],"curies":[{"name":"wp","href":"https:\/\/api.w.org\/{rel}","templated":true}]}}