{"id":11699,"date":"2023-06-03T19:11:41","date_gmt":"2023-06-03T19:11:41","guid":{"rendered":"http:\/\/paroquiagloria.org\/v2\/?p=11699"},"modified":"2023-06-03T19:11:42","modified_gmt":"2023-06-03T19:11:42","slug":"festas-de-verao-2023-3","status":"publish","type":"post","link":"http:\/\/paroquiagloria.org\/v2\/?p=11699","title":{"rendered":"Festas de Ver\u00e3o 2023"},"content":{"rendered":"\n<div class=\"wp-block-image\"><figure class=\"aligncenter size-full\"><a href=\"http:\/\/paroquiagloria.org\/v2\/wp-content\/uploads\/2023\/06\/festasverao23.jpg\"><img loading=\"lazy\" width=\"433\" height=\"434\" src=\"http:\/\/paroquiagloria.org\/v2\/wp-content\/uploads\/2023\/06\/festasverao23.jpg\" alt=\"\" class=\"wp-image-11690\" srcset=\"http:\/\/paroquiagloria.org\/v2\/wp-content\/uploads\/2023\/06\/festasverao23.jpg 433w, http:\/\/paroquiagloria.org\/v2\/wp-content\/uploads\/2023\/06\/festasverao23-300x300.jpg 300w, http:\/\/paroquiagloria.org\/v2\/wp-content\/uploads\/2023\/06\/festasverao23-150x150.jpg 150w, http:\/\/paroquiagloria.org\/v2\/wp-content\/uploads\/2023\/06\/festasverao23-185x185.jpg 185w, http:\/\/paroquiagloria.org\/v2\/wp-content\/uploads\/2023\/06\/festasverao23-184x184.jpg 184w\" sizes=\"(max-width: 433px) 100vw, 433px\" \/><\/a><\/figure><\/div>\n\n\n\n<p>Junho \u00e9 o m\u00eas dos Santos Populares! D\u00e3o o nome e o mote a in\u00fameros conv\u00edvios e festas sempre com muita comida e anima\u00e7\u00e3o.<br>As Festas de Ver\u00e3o s\u00e3o o arraial por excel\u00eancia da cidade de Aveiro promovidas pela nossa par\u00f3quia. Este ano com o retomar deste grande evento surgiu a necessidade de fazer algumas adapta\u00e7\u00f5es, nomeadamente no local. Ser\u00e3o no largo junto do sal\u00e3o das Florinhas do Vouga e claro que contam sempre com as melhores sardinhas, caldo verde e a qualidade do arroz-doce t\u00e3o t\u00edpico e caracter\u00edstico do nosso evento.<br>Contamos com todos nos dias <strong>10, 17 e 24 de junho<\/strong>!<\/p>\n","protected":false},"excerpt":{"rendered":"<p>Junho \u00e9 o m\u00eas dos Santos Populares! D\u00e3o o nome e o mote a in\u00fameros conv\u00edvios e festas sempre com muita comida e anima\u00e7\u00e3o.As Festas de Ver\u00e3o s\u00e3o o arraial por excel\u00eancia da cidade de Aveiro promovidas pela nossa par\u00f3quia. Este ano com o retomar deste grande evento surgiu a necessidade de fazer algumas adapta\u00e7\u00f5es, [&hellip;]<\/p>\n","protected":false},"author":1,"featured_media":11689,"comment_status":"open","ping_status":"closed","sticky":false,"template":"","format":"standard","meta":{"ngg_post_thumbnail":0},"categories":[1,4,2,6],"tags":[],"_links":{"self":[{"href":"http:\/\/paroquiagloria.org\/v2\/index.php?rest_route=\/wp\/v2\/posts\/11699"}],"collection":[{"href":"http:\/\/paroquiagloria.org\/v2\/index.php?rest_route=\/wp\/v2\/posts"}],"about":[{"href":"http:\/\/paroquiagloria.org\/v2\/index.php?rest_route=\/wp\/v2\/types\/post"}],"author":[{"embeddable":true,"href":"http:\/\/paroquiagloria.org\/v2\/index.php?rest_route=\/wp\/v2\/users\/1"}],"replies":[{"embeddable":true,"href":"http:\/\/paroquiagloria.org\/v2\/index.php?rest_route=%2Fwp%2Fv2%2Fcomments&post=11699"}],"version-history":[{"count":1,"href":"http:\/\/paroquiagloria.org\/v2\/index.php?rest_route=\/wp\/v2\/posts\/11699\/revisions"}],"predecessor-version":[{"id":11700,"href":"http:\/\/paroquiagloria.org\/v2\/index.php?rest_route=\/wp\/v2\/posts\/11699\/revisions\/11700"}],"wp:featuredmedia":[{"embeddable":true,"href":"http:\/\/paroquiagloria.org\/v2\/index.php?rest_route=\/wp\/v2\/media\/11689"}],"wp:attachment":[{"href":"http:\/\/paroquiagloria.org\/v2\/index.php?rest_route=%2Fwp%2Fv2%2Fmedia&parent=11699"}],"wp:term":[{"taxonomy":"category","embeddable":true,"href":"http:\/\/paroquiagloria.org\/v2\/index.php?rest_route=%2Fwp%2Fv2%2Fcategories&post=11699"},{"taxonomy":"post_tag","embeddable":true,"href":"http:\/\/paroquiagloria.org\/v2\/index.php?rest_route=%2Fwp%2Fv2%2Ftags&post=11699"}],"curies":[{"name":"wp","href":"https:\/\/api.w.org\/{rel}","templated":true}]}}