{"id":11680,"date":"2023-05-27T20:15:00","date_gmt":"2023-05-27T20:15:00","guid":{"rendered":"http:\/\/paroquiagloria.org\/v2\/?p=11680"},"modified":"2023-05-27T20:15:03","modified_gmt":"2023-05-27T20:15:03","slug":"dias-nas-dioceses","status":"publish","type":"post","link":"http:\/\/paroquiagloria.org\/v2\/?p=11680","title":{"rendered":"Dias nas Dioceses"},"content":{"rendered":"\n<div class=\"wp-block-image\"><figure class=\"aligncenter size-large\"><a href=\"http:\/\/paroquiagloria.org\/v2\/wp-content\/uploads\/2023\/05\/jmj-diasnasdioceses-geral-1536x600-1.jpg\"><img loading=\"lazy\" width=\"1024\" height=\"400\" src=\"http:\/\/paroquiagloria.org\/v2\/wp-content\/uploads\/2023\/05\/jmj-diasnasdioceses-geral-1536x600-1-1024x400.jpg\" alt=\"\" class=\"wp-image-11664\" srcset=\"http:\/\/paroquiagloria.org\/v2\/wp-content\/uploads\/2023\/05\/jmj-diasnasdioceses-geral-1536x600-1-1024x400.jpg 1024w, http:\/\/paroquiagloria.org\/v2\/wp-content\/uploads\/2023\/05\/jmj-diasnasdioceses-geral-1536x600-1-300x117.jpg 300w, http:\/\/paroquiagloria.org\/v2\/wp-content\/uploads\/2023\/05\/jmj-diasnasdioceses-geral-1536x600-1-768x300.jpg 768w, http:\/\/paroquiagloria.org\/v2\/wp-content\/uploads\/2023\/05\/jmj-diasnasdioceses-geral-1536x600-1.jpg 1536w\" sizes=\"(max-width: 1024px) 100vw, 1024px\" \/><\/a><\/figure><\/div>\n\n\n\n<p>O diretor do Departamento Nacional da Pastoral Juvenil disse hoje \u00e0 Ag\u00eancia ECCLESIA que as dioceses de Portugal preparam-se para receber mais de 600 grupos de jovens dos cinco continentes na semana anterior \u00e0 Jornada Mundial da Juventude (JMJ).<br>Os DND decorrem entre 26 e 31 de julho e v\u00e3o acontecer em 17 dioceses. O objetivo \u00e9 a JMJ e v\u00eam para conhecer o pa\u00eds, a realidade das nossas dioceses e das nossas par\u00f3quias.<br>fonte: <a href=\"https:\/\/agencia.ecclesia.pt\/portal\/jmj-2023-dias-nas-dioceses-levam-jovens-de-todo-o-mundo-a-todas-as-regioes-de-portugal\/\" data-type=\"URL\" data-id=\"https:\/\/agencia.ecclesia.pt\/portal\/jmj-2023-dias-nas-dioceses-levam-jovens-de-todo-o-mundo-a-todas-as-regioes-de-portugal\/\" target=\"_blank\" rel=\"noreferrer noopener\">www.ecclesia.pt<\/a><\/p>\n","protected":false},"excerpt":{"rendered":"<p>O diretor do Departamento Nacional da Pastoral Juvenil disse hoje \u00e0 Ag\u00eancia ECCLESIA que as dioceses de Portugal preparam-se para receber mais de 600 grupos de jovens dos cinco continentes na semana anterior \u00e0 Jornada Mundial da Juventude (JMJ).Os DND decorrem entre 26 e 31 de julho e v\u00e3o acontecer em 17 dioceses. O objetivo [&hellip;]<\/p>\n","protected":false},"author":1,"featured_media":11671,"comment_status":"open","ping_status":"closed","sticky":false,"template":"","format":"standard","meta":{"ngg_post_thumbnail":0},"categories":[1,4,2,6],"tags":[],"_links":{"self":[{"href":"http:\/\/paroquiagloria.org\/v2\/index.php?rest_route=\/wp\/v2\/posts\/11680"}],"collection":[{"href":"http:\/\/paroquiagloria.org\/v2\/index.php?rest_route=\/wp\/v2\/posts"}],"about":[{"href":"http:\/\/paroquiagloria.org\/v2\/index.php?rest_route=\/wp\/v2\/types\/post"}],"author":[{"embeddable":true,"href":"http:\/\/paroquiagloria.org\/v2\/index.php?rest_route=\/wp\/v2\/users\/1"}],"replies":[{"embeddable":true,"href":"http:\/\/paroquiagloria.org\/v2\/index.php?rest_route=%2Fwp%2Fv2%2Fcomments&post=11680"}],"version-history":[{"count":1,"href":"http:\/\/paroquiagloria.org\/v2\/index.php?rest_route=\/wp\/v2\/posts\/11680\/revisions"}],"predecessor-version":[{"id":11681,"href":"http:\/\/paroquiagloria.org\/v2\/index.php?rest_route=\/wp\/v2\/posts\/11680\/revisions\/11681"}],"wp:featuredmedia":[{"embeddable":true,"href":"http:\/\/paroquiagloria.org\/v2\/index.php?rest_route=\/wp\/v2\/media\/11671"}],"wp:attachment":[{"href":"http:\/\/paroquiagloria.org\/v2\/index.php?rest_route=%2Fwp%2Fv2%2Fmedia&parent=11680"}],"wp:term":[{"taxonomy":"category","embeddable":true,"href":"http:\/\/paroquiagloria.org\/v2\/index.php?rest_route=%2Fwp%2Fv2%2Fcategories&post=11680"},{"taxonomy":"post_tag","embeddable":true,"href":"http:\/\/paroquiagloria.org\/v2\/index.php?rest_route=%2Fwp%2Fv2%2Ftags&post=11680"}],"curies":[{"name":"wp","href":"https:\/\/api.w.org\/{rel}","templated":true}]}}