{"id":11678,"date":"2023-05-27T20:13:52","date_gmt":"2023-05-27T20:13:52","guid":{"rendered":"http:\/\/paroquiagloria.org\/v2\/?p=11678"},"modified":"2023-05-27T20:13:53","modified_gmt":"2023-05-27T20:13:53","slug":"encerramento-da-barraquinha-do-adro-2","status":"publish","type":"post","link":"http:\/\/paroquiagloria.org\/v2\/?p=11678","title":{"rendered":"Encerramento da barraquinha do adro"},"content":{"rendered":"\n<div class=\"wp-block-image\"><figure class=\"aligncenter size-large\"><a href=\"http:\/\/paroquiagloria.org\/v2\/wp-content\/uploads\/2023\/05\/barraquinha_JMJ.jpg\"><img loading=\"lazy\" width=\"1024\" height=\"1024\" src=\"http:\/\/paroquiagloria.org\/v2\/wp-content\/uploads\/2023\/05\/barraquinha_JMJ-1024x1024.jpg\" alt=\"\" class=\"wp-image-11636\" srcset=\"http:\/\/paroquiagloria.org\/v2\/wp-content\/uploads\/2023\/05\/barraquinha_JMJ-1024x1024.jpg 1024w, http:\/\/paroquiagloria.org\/v2\/wp-content\/uploads\/2023\/05\/barraquinha_JMJ-300x300.jpg 300w, http:\/\/paroquiagloria.org\/v2\/wp-content\/uploads\/2023\/05\/barraquinha_JMJ-150x150.jpg 150w, http:\/\/paroquiagloria.org\/v2\/wp-content\/uploads\/2023\/05\/barraquinha_JMJ-768x768.jpg 768w, http:\/\/paroquiagloria.org\/v2\/wp-content\/uploads\/2023\/05\/barraquinha_JMJ-185x185.jpg 185w, http:\/\/paroquiagloria.org\/v2\/wp-content\/uploads\/2023\/05\/barraquinha_JMJ-184x184.jpg 184w, http:\/\/paroquiagloria.org\/v2\/wp-content\/uploads\/2023\/05\/barraquinha_JMJ.jpg 1200w\" sizes=\"(max-width: 1024px) 100vw, 1024px\" \/><\/a><\/figure><\/div>\n\n\n\n<p>Como j\u00e1 foi avisado no \u00faltimo Di\u00e1logo, a partir desta semana a barraquinha no adro deixa de estar sob a gest\u00e3o do COP. Isto n\u00e3o invalida que os grupos de catequese possam organizar-se para angariar fundos para a sua participa\u00e7\u00e3o na JMJ.<br>Agradecemos a todas as pessoas que semanalmente foram ajudando neste espa\u00e7o que tamb\u00e9m se tornou um ponto de encontro e conv\u00edvio para a comunidade.<\/p>\n\n\n\n<div class=\"wp-block-image\"><figure class=\"aligncenter size-full\"><a href=\"http:\/\/paroquiagloria.org\/v2\/wp-content\/uploads\/2013\/02\/banner_JMJ23.jpg\"><img loading=\"lazy\" width=\"960\" height=\"450\" src=\"http:\/\/paroquiagloria.org\/v2\/wp-content\/uploads\/2013\/02\/banner_JMJ23.jpg\" alt=\"\" class=\"wp-image-9037\" srcset=\"http:\/\/paroquiagloria.org\/v2\/wp-content\/uploads\/2013\/02\/banner_JMJ23.jpg 960w, http:\/\/paroquiagloria.org\/v2\/wp-content\/uploads\/2013\/02\/banner_JMJ23-300x141.jpg 300w\" sizes=\"(max-width: 960px) 100vw, 960px\" \/><\/a><\/figure><\/div>\n\n\n\n<p><\/p>\n","protected":false},"excerpt":{"rendered":"<p>Como j\u00e1 foi avisado no \u00faltimo Di\u00e1logo, a partir desta semana a barraquinha no adro deixa de estar sob a gest\u00e3o do COP. Isto n\u00e3o invalida que os grupos de catequese possam organizar-se para angariar fundos para a sua participa\u00e7\u00e3o na JMJ.Agradecemos a todas as pessoas que semanalmente foram ajudando neste espa\u00e7o que tamb\u00e9m se [&hellip;]<\/p>\n","protected":false},"author":1,"featured_media":11635,"comment_status":"open","ping_status":"closed","sticky":false,"template":"","format":"standard","meta":{"ngg_post_thumbnail":0},"categories":[1,4,2,6],"tags":[],"_links":{"self":[{"href":"http:\/\/paroquiagloria.org\/v2\/index.php?rest_route=\/wp\/v2\/posts\/11678"}],"collection":[{"href":"http:\/\/paroquiagloria.org\/v2\/index.php?rest_route=\/wp\/v2\/posts"}],"about":[{"href":"http:\/\/paroquiagloria.org\/v2\/index.php?rest_route=\/wp\/v2\/types\/post"}],"author":[{"embeddable":true,"href":"http:\/\/paroquiagloria.org\/v2\/index.php?rest_route=\/wp\/v2\/users\/1"}],"replies":[{"embeddable":true,"href":"http:\/\/paroquiagloria.org\/v2\/index.php?rest_route=%2Fwp%2Fv2%2Fcomments&post=11678"}],"version-history":[{"count":1,"href":"http:\/\/paroquiagloria.org\/v2\/index.php?rest_route=\/wp\/v2\/posts\/11678\/revisions"}],"predecessor-version":[{"id":11679,"href":"http:\/\/paroquiagloria.org\/v2\/index.php?rest_route=\/wp\/v2\/posts\/11678\/revisions\/11679"}],"wp:featuredmedia":[{"embeddable":true,"href":"http:\/\/paroquiagloria.org\/v2\/index.php?rest_route=\/wp\/v2\/media\/11635"}],"wp:attachment":[{"href":"http:\/\/paroquiagloria.org\/v2\/index.php?rest_route=%2Fwp%2Fv2%2Fmedia&parent=11678"}],"wp:term":[{"taxonomy":"category","embeddable":true,"href":"http:\/\/paroquiagloria.org\/v2\/index.php?rest_route=%2Fwp%2Fv2%2Fcategories&post=11678"},{"taxonomy":"post_tag","embeddable":true,"href":"http:\/\/paroquiagloria.org\/v2\/index.php?rest_route=%2Fwp%2Fv2%2Ftags&post=11678"}],"curies":[{"name":"wp","href":"https:\/\/api.w.org\/{rel}","templated":true}]}}