{"id":11674,"date":"2023-05-27T19:38:52","date_gmt":"2023-05-27T19:38:52","guid":{"rendered":"http:\/\/paroquiagloria.org\/v2\/?p=11674"},"modified":"2023-05-27T19:38:54","modified_gmt":"2023-05-27T19:38:54","slug":"47-o-encontro-nacional-de-pastoral-liturgica","status":"publish","type":"post","link":"http:\/\/paroquiagloria.org\/v2\/?p=11674","title":{"rendered":"47.\u00ba Encontro Nacional de Pastoral Lit\u00fargica"},"content":{"rendered":"\n<div class=\"wp-block-image\"><figure class=\"aligncenter size-large\"><a href=\"http:\/\/paroquiagloria.org\/v2\/wp-content\/uploads\/2023\/05\/Fatima_Encontro-Nacional-de-Pastoral-Liturgica_ENPL2023.jpg\"><img loading=\"lazy\" width=\"1024\" height=\"576\" src=\"http:\/\/paroquiagloria.org\/v2\/wp-content\/uploads\/2023\/05\/Fatima_Encontro-Nacional-de-Pastoral-Liturgica_ENPL2023-1024x576.jpg\" alt=\"\" class=\"wp-image-11665\" srcset=\"http:\/\/paroquiagloria.org\/v2\/wp-content\/uploads\/2023\/05\/Fatima_Encontro-Nacional-de-Pastoral-Liturgica_ENPL2023-1024x576.jpg 1024w, http:\/\/paroquiagloria.org\/v2\/wp-content\/uploads\/2023\/05\/Fatima_Encontro-Nacional-de-Pastoral-Liturgica_ENPL2023-300x169.jpg 300w, http:\/\/paroquiagloria.org\/v2\/wp-content\/uploads\/2023\/05\/Fatima_Encontro-Nacional-de-Pastoral-Liturgica_ENPL2023-768x432.jpg 768w, http:\/\/paroquiagloria.org\/v2\/wp-content\/uploads\/2023\/05\/Fatima_Encontro-Nacional-de-Pastoral-Liturgica_ENPL2023.jpg 1080w\" sizes=\"(max-width: 1024px) 100vw, 1024px\" \/><\/a><\/figure><\/div>\n\n\n\n<p>Decorrer\u00e1 este ano na semana de 4 a 7 de Setembro sobre a tem\u00e1tica \u201cMinist\u00e9rios na Igreja Sinodal\u201d.<br>\u201cSegundo a tradi\u00e7\u00e3o da Igreja, chamam-se minist\u00e9rios \u00e0s diversas formas que os carismas assumem quando s\u00e3o reconhecidos publicamente e postos \u00e0 disposi\u00e7\u00e3o da comunidade e da sua miss\u00e3o de modo est\u00e1vel\u2026 \u201c<br>\u201cO variar das formas de exerc\u00edcio dos minist\u00e9rios n\u00e3o ordenados, n\u00e3o \u00e9 a simples consequ\u00eancia no plano sociol\u00f3gico, do desejo de se adaptar \u00e0 sensibilidade ou \u00e0 cultura das \u00e9pocas e dos lugares, mas \u00e9 determinado pela necessidade de permitir a cada Igreja local\/particular, em comunh\u00e3o com todas as outras e tendo como centro de unidade a Igreja que est\u00e1 em Roma, viver a a\u00e7\u00e3o lit\u00fargica, o servi\u00e7o dos pobres e o an\u00fancio do Evangelho na fidelidade ao mandato do Senhor Jesus<br>Cristo. \u00c9 tarefa dos Pastores da Igreja reconhecer os dons de cada batizado, orient\u00e1-los tamb\u00e9m para minist\u00e9rios espec\u00edficos, promov\u00ea-los e coorden\u00e1-los, para fazer com que concorram para o bem da comunidade e para a miss\u00e3o confiada a todos os disc\u00edpulos \u201c<br>As inscri\u00e7\u00f5es encontram-se abertas em <a href=\"https:\/\/www.liturgia.pt\/enpl\/index.php\" target=\"_blank\" rel=\"noreferrer noopener\">https:\/\/www.liturgia.pt\/enpl\/index.php<\/a><\/p>\n","protected":false},"excerpt":{"rendered":"<p>Decorrer\u00e1 este ano na semana de 4 a 7 de Setembro sobre a tem\u00e1tica \u201cMinist\u00e9rios na Igreja Sinodal\u201d.\u201cSegundo a tradi\u00e7\u00e3o da Igreja, chamam-se minist\u00e9rios \u00e0s diversas formas que os carismas assumem quando s\u00e3o reconhecidos publicamente e postos \u00e0 disposi\u00e7\u00e3o da comunidade e da sua miss\u00e3o de modo est\u00e1vel\u2026 \u201c\u201cO variar das formas de exerc\u00edcio dos [&hellip;]<\/p>\n","protected":false},"author":1,"featured_media":11670,"comment_status":"open","ping_status":"closed","sticky":false,"template":"","format":"standard","meta":{"ngg_post_thumbnail":0},"categories":[1,4,2,6],"tags":[],"_links":{"self":[{"href":"http:\/\/paroquiagloria.org\/v2\/index.php?rest_route=\/wp\/v2\/posts\/11674"}],"collection":[{"href":"http:\/\/paroquiagloria.org\/v2\/index.php?rest_route=\/wp\/v2\/posts"}],"about":[{"href":"http:\/\/paroquiagloria.org\/v2\/index.php?rest_route=\/wp\/v2\/types\/post"}],"author":[{"embeddable":true,"href":"http:\/\/paroquiagloria.org\/v2\/index.php?rest_route=\/wp\/v2\/users\/1"}],"replies":[{"embeddable":true,"href":"http:\/\/paroquiagloria.org\/v2\/index.php?rest_route=%2Fwp%2Fv2%2Fcomments&post=11674"}],"version-history":[{"count":1,"href":"http:\/\/paroquiagloria.org\/v2\/index.php?rest_route=\/wp\/v2\/posts\/11674\/revisions"}],"predecessor-version":[{"id":11675,"href":"http:\/\/paroquiagloria.org\/v2\/index.php?rest_route=\/wp\/v2\/posts\/11674\/revisions\/11675"}],"wp:featuredmedia":[{"embeddable":true,"href":"http:\/\/paroquiagloria.org\/v2\/index.php?rest_route=\/wp\/v2\/media\/11670"}],"wp:attachment":[{"href":"http:\/\/paroquiagloria.org\/v2\/index.php?rest_route=%2Fwp%2Fv2%2Fmedia&parent=11674"}],"wp:term":[{"taxonomy":"category","embeddable":true,"href":"http:\/\/paroquiagloria.org\/v2\/index.php?rest_route=%2Fwp%2Fv2%2Fcategories&post=11674"},{"taxonomy":"post_tag","embeddable":true,"href":"http:\/\/paroquiagloria.org\/v2\/index.php?rest_route=%2Fwp%2Fv2%2Ftags&post=11674"}],"curies":[{"name":"wp","href":"https:\/\/api.w.org\/{rel}","templated":true}]}}