{"id":11629,"date":"2023-05-13T20:10:56","date_gmt":"2023-05-13T20:10:56","guid":{"rendered":"http:\/\/paroquiagloria.org\/v2\/?p=11629"},"modified":"2023-05-13T20:13:46","modified_gmt":"2023-05-13T20:13:46","slug":"veneravel-pe-jeronimo-usera-_-parte-1","status":"publish","type":"post","link":"http:\/\/paroquiagloria.org\/v2\/?p=11629","title":{"rendered":"Vener\u00e1vel Pe. Jer\u00f3nimo Usera _ parte 1"},"content":{"rendered":"\n<div class=\"wp-block-image\"><figure class=\"aligncenter size-full\"><a href=\"http:\/\/paroquiagloria.org\/v2\/wp-content\/uploads\/2023\/05\/Usera.jpg\"><img loading=\"lazy\" width=\"607\" height=\"759\" src=\"http:\/\/paroquiagloria.org\/v2\/wp-content\/uploads\/2023\/05\/Usera.jpg\" alt=\"\" class=\"wp-image-11617\" srcset=\"http:\/\/paroquiagloria.org\/v2\/wp-content\/uploads\/2023\/05\/Usera.jpg 607w, http:\/\/paroquiagloria.org\/v2\/wp-content\/uploads\/2023\/05\/Usera-240x300.jpg 240w\" sizes=\"(max-width: 607px) 100vw, 607px\" \/><\/a><\/figure><\/div>\n\n\n\n<p>Ao longo desta semana vamos ter a oportunidade de conhecer melhor o Pe Jer\u00f3nimo Usera, fundador das Religiosas do Amor de Deus que est\u00e3o no Semin\u00e1rio de Aveiro desde a sua abertura. Na entrada da igreja estar\u00e3o alguns elementos relativos ao Pe Jer\u00f3nimo Usera para dar a conhecer a sua figura e a sua obra<br>Biografia: Mariano Nicomedes Usera y Al\u00e1rcon nasceu em Madrid a 15 de setembro de 1810, g\u00e9meo de uma menina. Os seus pais tiveram 13 filhos. A sua fam\u00edlia profundamente crist\u00e3, com uma vasta cultura e de grandes valores humanos e espirituais. Nos seus escritos pode ler-se que recebeu na fam\u00edlia uma s\u00f3lida educa\u00e7\u00e3o e que no \u201cseu lar respirava-se amor, respeito, cultura e muita piedade\u201d.<br>Passou a sua inf\u00e2ncia e adolesc\u00eancia entre os livros e os trabalhos escolares e a piedade. Mariano Usera bem cedo descobre que Deus o chama a algo mais. Com doze anos, disse ao seu pai: \u201cQuero ser frade. Estou convencido de que Deus me chama a fazer o bem na terra\u201d.<br>Aos 14 anos foi para monge cisterciense. Acompanhou-o o seu pai. Entrou no mosteiro de Oseira (Ourense) a uma dist\u00e2ncia da casa da fam\u00edlia de mais de 500km. A\u00ed fez a sua forma\u00e7\u00e3o como monge e fez a sua primeira profiss\u00e3o recebendo o h\u00e1bito branco de S\u00e3o Bernardo e o nome de Jer\u00f3nimo. Fez o seus estudos de filosofia em Lugo, no mosteiro de Meira. A teologia em Alcal\u00e1 em Madrid e em S\u00e3o Mart\u00edn de Castanheda, San\u00e1bria. Foi ordenado sacerdote em setembro de 1834 em Ucles, Cuenca. Como Monge e Padre destaca-se o seu amor \u00e0 contempla\u00e7\u00e3o e \u00e0 a\u00e7\u00e3o, ora\u00e7\u00e3o, celebra\u00e7\u00e3o e servi\u00e7o ao povo.<br>A Virgem Maria a quem amava muito, desde a fam\u00edlia, teve uma parte importante na sua voca\u00e7\u00e3o, na sua fidelidade perseverante e constante em fazer o bem sempre a todos com amor.<br>Em Espanha vivia-se uma grande tens\u00e3o pol\u00edtica, o \u00f3dio \u00e0 igreja crescia de dia para dia, a persegui\u00e7\u00e3o dos frades era evidente e chegou ao convento de S\u00e3o Mart\u00edn de Castanheda, em 1838, onde vivia o Padre Usera. O Padre Usera preferiu ficar na regi\u00e3o refugiando-se junto dos pobres servindo-os. A sua ordem foi extinta em Espanha em 1840, por isso nessa altura regressa a Madrid. Entre as sombras e as luzes procurou discernir o que Deus queria dele.<\/p>\n\n\n\n<div class=\"wp-block-image\"><figure class=\"aligncenter size-large\"><img src=\"http:\/\/paroquiagloria.org\/v2\/wp-content\/uploads\/2013\/02\/gd_imager.jpg\" alt=\"\"\/><\/figure><\/div>\n","protected":false},"excerpt":{"rendered":"<p>Ao longo desta semana vamos ter a oportunidade de conhecer melhor o Pe Jer\u00f3nimo Usera, fundador das Religiosas do Amor de Deus que est\u00e3o no Semin\u00e1rio de Aveiro desde a sua abertura. Na entrada da igreja estar\u00e3o alguns elementos relativos ao Pe Jer\u00f3nimo Usera para dar a conhecer a sua figura e a sua obraBiografia: [&hellip;]<\/p>\n","protected":false},"author":1,"featured_media":11616,"comment_status":"open","ping_status":"closed","sticky":false,"template":"","format":"standard","meta":{"ngg_post_thumbnail":0},"categories":[1,4,2,6],"tags":[],"_links":{"self":[{"href":"http:\/\/paroquiagloria.org\/v2\/index.php?rest_route=\/wp\/v2\/posts\/11629"}],"collection":[{"href":"http:\/\/paroquiagloria.org\/v2\/index.php?rest_route=\/wp\/v2\/posts"}],"about":[{"href":"http:\/\/paroquiagloria.org\/v2\/index.php?rest_route=\/wp\/v2\/types\/post"}],"author":[{"embeddable":true,"href":"http:\/\/paroquiagloria.org\/v2\/index.php?rest_route=\/wp\/v2\/users\/1"}],"replies":[{"embeddable":true,"href":"http:\/\/paroquiagloria.org\/v2\/index.php?rest_route=%2Fwp%2Fv2%2Fcomments&post=11629"}],"version-history":[{"count":2,"href":"http:\/\/paroquiagloria.org\/v2\/index.php?rest_route=\/wp\/v2\/posts\/11629\/revisions"}],"predecessor-version":[{"id":11633,"href":"http:\/\/paroquiagloria.org\/v2\/index.php?rest_route=\/wp\/v2\/posts\/11629\/revisions\/11633"}],"wp:featuredmedia":[{"embeddable":true,"href":"http:\/\/paroquiagloria.org\/v2\/index.php?rest_route=\/wp\/v2\/media\/11616"}],"wp:attachment":[{"href":"http:\/\/paroquiagloria.org\/v2\/index.php?rest_route=%2Fwp%2Fv2%2Fmedia&parent=11629"}],"wp:term":[{"taxonomy":"category","embeddable":true,"href":"http:\/\/paroquiagloria.org\/v2\/index.php?rest_route=%2Fwp%2Fv2%2Fcategories&post=11629"},{"taxonomy":"post_tag","embeddable":true,"href":"http:\/\/paroquiagloria.org\/v2\/index.php?rest_route=%2Fwp%2Fv2%2Ftags&post=11629"}],"curies":[{"name":"wp","href":"https:\/\/api.w.org\/{rel}","templated":true}]}}