{"id":11625,"date":"2023-05-13T20:04:45","date_gmt":"2023-05-13T20:04:45","guid":{"rendered":"http:\/\/paroquiagloria.org\/v2\/?p=11625"},"modified":"2023-05-13T20:04:46","modified_gmt":"2023-05-13T20:04:46","slug":"oracao-mariana-ejns","status":"publish","type":"post","link":"http:\/\/paroquiagloria.org\/v2\/?p=11625","title":{"rendered":"Ora\u00e7\u00e3o Mariana EJNS"},"content":{"rendered":"\n<div class=\"wp-block-image\"><figure class=\"aligncenter size-large\"><a href=\"http:\/\/paroquiagloria.org\/v2\/wp-content\/uploads\/2023\/05\/novo-logo-oficial-deitado_orig.png\"><img loading=\"lazy\" width=\"1024\" height=\"388\" src=\"http:\/\/paroquiagloria.org\/v2\/wp-content\/uploads\/2023\/05\/novo-logo-oficial-deitado_orig-1024x388.png\" alt=\"\" class=\"wp-image-11618\" srcset=\"http:\/\/paroquiagloria.org\/v2\/wp-content\/uploads\/2023\/05\/novo-logo-oficial-deitado_orig-1024x388.png 1024w, http:\/\/paroquiagloria.org\/v2\/wp-content\/uploads\/2023\/05\/novo-logo-oficial-deitado_orig-300x114.png 300w, http:\/\/paroquiagloria.org\/v2\/wp-content\/uploads\/2023\/05\/novo-logo-oficial-deitado_orig-768x291.png 768w, http:\/\/paroquiagloria.org\/v2\/wp-content\/uploads\/2023\/05\/novo-logo-oficial-deitado_orig.png 1100w\" sizes=\"(max-width: 1024px) 100vw, 1024px\" \/><\/a><\/figure><\/div>\n\n\n\n<p>Na pr\u00f3xima sexta-feira as Equipas de Jovens de Nossa Senhora v\u00e3o dinamizar uma ora\u00e7\u00e3o mariana na S\u00e9, \u00e0s 21h30. Estamos todos convidados, em especial os jovens.<\/p>\n\n\n\n<div class=\"wp-block-image\"><figure class=\"aligncenter size-full\"><a href=\"http:\/\/paroquiagloria.org\/v2\/wp-content\/uploads\/2023\/05\/EJNS_oracaomariana.jpg\"><img loading=\"lazy\" width=\"664\" height=\"656\" src=\"http:\/\/paroquiagloria.org\/v2\/wp-content\/uploads\/2023\/05\/EJNS_oracaomariana.jpg\" alt=\"\" class=\"wp-image-11615\" srcset=\"http:\/\/paroquiagloria.org\/v2\/wp-content\/uploads\/2023\/05\/EJNS_oracaomariana.jpg 664w, http:\/\/paroquiagloria.org\/v2\/wp-content\/uploads\/2023\/05\/EJNS_oracaomariana-300x296.jpg 300w\" sizes=\"(max-width: 664px) 100vw, 664px\" \/><\/a><\/figure><\/div>\n","protected":false},"excerpt":{"rendered":"<p>Na pr\u00f3xima sexta-feira as Equipas de Jovens de Nossa Senhora v\u00e3o dinamizar uma ora\u00e7\u00e3o mariana na S\u00e9, \u00e0s 21h30. Estamos todos convidados, em especial os jovens.<\/p>\n","protected":false},"author":1,"featured_media":11612,"comment_status":"open","ping_status":"closed","sticky":false,"template":"","format":"standard","meta":{"ngg_post_thumbnail":0},"categories":[1,4,2,6],"tags":[],"_links":{"self":[{"href":"http:\/\/paroquiagloria.org\/v2\/index.php?rest_route=\/wp\/v2\/posts\/11625"}],"collection":[{"href":"http:\/\/paroquiagloria.org\/v2\/index.php?rest_route=\/wp\/v2\/posts"}],"about":[{"href":"http:\/\/paroquiagloria.org\/v2\/index.php?rest_route=\/wp\/v2\/types\/post"}],"author":[{"embeddable":true,"href":"http:\/\/paroquiagloria.org\/v2\/index.php?rest_route=\/wp\/v2\/users\/1"}],"replies":[{"embeddable":true,"href":"http:\/\/paroquiagloria.org\/v2\/index.php?rest_route=%2Fwp%2Fv2%2Fcomments&post=11625"}],"version-history":[{"count":1,"href":"http:\/\/paroquiagloria.org\/v2\/index.php?rest_route=\/wp\/v2\/posts\/11625\/revisions"}],"predecessor-version":[{"id":11626,"href":"http:\/\/paroquiagloria.org\/v2\/index.php?rest_route=\/wp\/v2\/posts\/11625\/revisions\/11626"}],"wp:featuredmedia":[{"embeddable":true,"href":"http:\/\/paroquiagloria.org\/v2\/index.php?rest_route=\/wp\/v2\/media\/11612"}],"wp:attachment":[{"href":"http:\/\/paroquiagloria.org\/v2\/index.php?rest_route=%2Fwp%2Fv2%2Fmedia&parent=11625"}],"wp:term":[{"taxonomy":"category","embeddable":true,"href":"http:\/\/paroquiagloria.org\/v2\/index.php?rest_route=%2Fwp%2Fv2%2Fcategories&post=11625"},{"taxonomy":"post_tag","embeddable":true,"href":"http:\/\/paroquiagloria.org\/v2\/index.php?rest_route=%2Fwp%2Fv2%2Ftags&post=11625"}],"curies":[{"name":"wp","href":"https:\/\/api.w.org\/{rel}","templated":true}]}}