{"id":11623,"date":"2023-05-13T20:03:15","date_gmt":"2023-05-13T20:03:15","guid":{"rendered":"http:\/\/paroquiagloria.org\/v2\/?p=11623"},"modified":"2023-05-13T20:03:16","modified_gmt":"2023-05-13T20:03:16","slug":"festas-de-verao-2023-2","status":"publish","type":"post","link":"http:\/\/paroquiagloria.org\/v2\/?p=11623","title":{"rendered":"Festas de Ver\u00e3o 2023"},"content":{"rendered":"\n<div class=\"wp-block-image\"><figure class=\"aligncenter size-full\"><a href=\"http:\/\/paroquiagloria.org\/v2\/wp-content\/uploads\/2023\/05\/banner_parque_verao.jpg\"><img loading=\"lazy\" width=\"960\" height=\"450\" src=\"http:\/\/paroquiagloria.org\/v2\/wp-content\/uploads\/2023\/05\/banner_parque_verao.jpg\" alt=\"\" class=\"wp-image-11610\" srcset=\"http:\/\/paroquiagloria.org\/v2\/wp-content\/uploads\/2023\/05\/banner_parque_verao.jpg 960w, http:\/\/paroquiagloria.org\/v2\/wp-content\/uploads\/2023\/05\/banner_parque_verao-300x141.jpg 300w, http:\/\/paroquiagloria.org\/v2\/wp-content\/uploads\/2023\/05\/banner_parque_verao-768x360.jpg 768w\" sizes=\"(max-width: 960px) 100vw, 960px\" \/><\/a><\/figure><\/div>\n\n\n\n<p>Q<strong>uer ajudar nas Festas de Ver\u00e3o da par\u00f3quia?<\/strong><br>J\u00e1 todos temos saudades de uma boa sardinha e do caldo verde ao ar livre!<br>Para retomar as Festas de Ver\u00e3o precisamos de muitas pessoas para preparar tudo, para que \u00e0 hora prevista tenhamos boa comida para servir. Se est\u00e1 dispon\u00edvel, apare\u00e7a na <span style=\"text-decoration: underline;\">segunda-feira, dia 15 de maio, pelas 21h30 no Centro Paroquial<\/span> para uma reuni\u00e3o de trabalho.<br><strong>Todos conseguem ajudar com alguma coisa!<\/strong><\/p>\n","protected":false},"excerpt":{"rendered":"<p>Quer ajudar nas Festas de Ver\u00e3o da par\u00f3quia?J\u00e1 todos temos saudades de uma boa sardinha e do caldo verde ao ar livre!Para retomar as Festas de Ver\u00e3o precisamos de muitas pessoas para preparar tudo, para que \u00e0 hora prevista tenhamos boa comida para servir. Se est\u00e1 dispon\u00edvel, apare\u00e7a na segunda-feira, dia 15 de maio, pelas [&hellip;]<\/p>\n","protected":false},"author":1,"featured_media":11610,"comment_status":"open","ping_status":"closed","sticky":false,"template":"","format":"standard","meta":{"ngg_post_thumbnail":0},"categories":[1,4,2,6],"tags":[],"_links":{"self":[{"href":"http:\/\/paroquiagloria.org\/v2\/index.php?rest_route=\/wp\/v2\/posts\/11623"}],"collection":[{"href":"http:\/\/paroquiagloria.org\/v2\/index.php?rest_route=\/wp\/v2\/posts"}],"about":[{"href":"http:\/\/paroquiagloria.org\/v2\/index.php?rest_route=\/wp\/v2\/types\/post"}],"author":[{"embeddable":true,"href":"http:\/\/paroquiagloria.org\/v2\/index.php?rest_route=\/wp\/v2\/users\/1"}],"replies":[{"embeddable":true,"href":"http:\/\/paroquiagloria.org\/v2\/index.php?rest_route=%2Fwp%2Fv2%2Fcomments&post=11623"}],"version-history":[{"count":1,"href":"http:\/\/paroquiagloria.org\/v2\/index.php?rest_route=\/wp\/v2\/posts\/11623\/revisions"}],"predecessor-version":[{"id":11624,"href":"http:\/\/paroquiagloria.org\/v2\/index.php?rest_route=\/wp\/v2\/posts\/11623\/revisions\/11624"}],"wp:featuredmedia":[{"embeddable":true,"href":"http:\/\/paroquiagloria.org\/v2\/index.php?rest_route=\/wp\/v2\/media\/11610"}],"wp:attachment":[{"href":"http:\/\/paroquiagloria.org\/v2\/index.php?rest_route=%2Fwp%2Fv2%2Fmedia&parent=11623"}],"wp:term":[{"taxonomy":"category","embeddable":true,"href":"http:\/\/paroquiagloria.org\/v2\/index.php?rest_route=%2Fwp%2Fv2%2Fcategories&post=11623"},{"taxonomy":"post_tag","embeddable":true,"href":"http:\/\/paroquiagloria.org\/v2\/index.php?rest_route=%2Fwp%2Fv2%2Ftags&post=11623"}],"curies":[{"name":"wp","href":"https:\/\/api.w.org\/{rel}","templated":true}]}}