{"id":11621,"date":"2023-05-13T20:02:18","date_gmt":"2023-05-13T20:02:18","guid":{"rendered":"http:\/\/paroquiagloria.org\/v2\/?p=11621"},"modified":"2023-05-13T20:02:19","modified_gmt":"2023-05-13T20:02:19","slug":"terco-mes-de-maio-3","status":"publish","type":"post","link":"http:\/\/paroquiagloria.org\/v2\/?p=11621","title":{"rendered":"Ter\u00e7o &#8211; M\u00eas de Maio"},"content":{"rendered":"\n<div class=\"wp-block-image\"><figure class=\"aligncenter size-full\"><a href=\"http:\/\/paroquiagloria.org\/v2\/wp-content\/uploads\/2023\/05\/banner_terco.jpg\"><img loading=\"lazy\" width=\"960\" height=\"450\" src=\"http:\/\/paroquiagloria.org\/v2\/wp-content\/uploads\/2023\/05\/banner_terco.jpg\" alt=\"\" class=\"wp-image-11611\" srcset=\"http:\/\/paroquiagloria.org\/v2\/wp-content\/uploads\/2023\/05\/banner_terco.jpg 960w, http:\/\/paroquiagloria.org\/v2\/wp-content\/uploads\/2023\/05\/banner_terco-300x141.jpg 300w, http:\/\/paroquiagloria.org\/v2\/wp-content\/uploads\/2023\/05\/banner_terco-768x360.jpg 768w\" sizes=\"(max-width: 960px) 100vw, 960px\" \/><\/a><\/figure><\/div>\n\n\n\n<p>Como \u00e9 habitual todos os anos, rezamos em comunidade o Ter\u00e7o durante o M\u00eas de Maio, \u00e0s 21h30, na S\u00e9. Ter\u00e3o a responsabilidade de orientar os seguintes grupos:<br>4\u00aa feira dia 17 MECs<br>5\u00aa feira dia 18 Pastoral Familiar<br>2\u00aa feira dia 22 Catequese do 9\u00baano<br>3\u00aa feira dia 23 Lugar de Santiago<br>4\u00aa feira dia 24 Catequese do 6\u00baano (21h)<br>5\u00aa feira dia 25 Coros<br>6\u00aa feira dia 26 COP<br>2\u00aa feira dia 29 Consagradas<br>3\u00aa feira dia 30 Ac\u00f3litos<\/p>\n\n\n\n<p><span style=\"text-decoration: underline;\">Na Igreja de Santo A<\/span>nt\u00f3nio: de 2\u00aa a 6\u00aa feira, \u00e0s 18h00<br>E<span style=\"text-decoration: underline;\">m Santiago<\/span>: de 2\u00aa a 6\u00aa feira, \u00e0s 21h30, na Capela<br><span style=\"text-decoration: underline;\">No Alboi<\/span>: de 2\u00aa a 6\u00aa feira, \u00e0s 21h00<\/p>\n\n\n\n<p><\/p>\n\n\n\n<p><span style=\"text-decoration: underline;\">Dias sem Ter\u00e7o<\/span>:<\/p>\n\n\n\n<p>2\u00aa feira dia 15 Confiss\u00f5es das Crian\u00e7as da 1\u00aa Comunh\u00e3o<\/p>\n\n\n\n<p>3\u00aa feira dia 16 Confiss\u00f5es das Crian\u00e7as da 1\u00aa Comunh\u00e3o<\/p>\n\n\n\n<p>6\u00aa feira dia 19 Ora\u00e7\u00e3o Mariana EJNS<\/p>\n\n\n\n<p>4\u00aa feira dia 31 PROCISS\u00c3O DE VELAS SEGUIDA DE EUCARISTA <\/p>\n","protected":false},"excerpt":{"rendered":"<p>Como \u00e9 habitual todos os anos, rezamos em comunidade o Ter\u00e7o durante o M\u00eas de Maio, \u00e0s 21h30, na S\u00e9. Ter\u00e3o a responsabilidade de orientar os seguintes grupos:4\u00aa feira dia 17 MECs5\u00aa feira dia 18 Pastoral Familiar2\u00aa feira dia 22 Catequese do 9\u00baano3\u00aa feira dia 23 Lugar de Santiago4\u00aa feira dia 24 Catequese do 6\u00baano [&hellip;]<\/p>\n","protected":false},"author":1,"featured_media":11611,"comment_status":"open","ping_status":"closed","sticky":false,"template":"","format":"standard","meta":{"ngg_post_thumbnail":0},"categories":[1,4,2,6],"tags":[],"_links":{"self":[{"href":"http:\/\/paroquiagloria.org\/v2\/index.php?rest_route=\/wp\/v2\/posts\/11621"}],"collection":[{"href":"http:\/\/paroquiagloria.org\/v2\/index.php?rest_route=\/wp\/v2\/posts"}],"about":[{"href":"http:\/\/paroquiagloria.org\/v2\/index.php?rest_route=\/wp\/v2\/types\/post"}],"author":[{"embeddable":true,"href":"http:\/\/paroquiagloria.org\/v2\/index.php?rest_route=\/wp\/v2\/users\/1"}],"replies":[{"embeddable":true,"href":"http:\/\/paroquiagloria.org\/v2\/index.php?rest_route=%2Fwp%2Fv2%2Fcomments&post=11621"}],"version-history":[{"count":1,"href":"http:\/\/paroquiagloria.org\/v2\/index.php?rest_route=\/wp\/v2\/posts\/11621\/revisions"}],"predecessor-version":[{"id":11622,"href":"http:\/\/paroquiagloria.org\/v2\/index.php?rest_route=\/wp\/v2\/posts\/11621\/revisions\/11622"}],"wp:featuredmedia":[{"embeddable":true,"href":"http:\/\/paroquiagloria.org\/v2\/index.php?rest_route=\/wp\/v2\/media\/11611"}],"wp:attachment":[{"href":"http:\/\/paroquiagloria.org\/v2\/index.php?rest_route=%2Fwp%2Fv2%2Fmedia&parent=11621"}],"wp:term":[{"taxonomy":"category","embeddable":true,"href":"http:\/\/paroquiagloria.org\/v2\/index.php?rest_route=%2Fwp%2Fv2%2Fcategories&post=11621"},{"taxonomy":"post_tag","embeddable":true,"href":"http:\/\/paroquiagloria.org\/v2\/index.php?rest_route=%2Fwp%2Fv2%2Ftags&post=11621"}],"curies":[{"name":"wp","href":"https:\/\/api.w.org\/{rel}","templated":true}]}}