{"id":11605,"date":"2023-05-06T18:34:27","date_gmt":"2023-05-06T18:34:27","guid":{"rendered":"http:\/\/paroquiagloria.org\/v2\/?p=11605"},"modified":"2023-05-06T18:34:29","modified_gmt":"2023-05-06T18:34:29","slug":"jmj-lisboa-2023-2","status":"publish","type":"post","link":"http:\/\/paroquiagloria.org\/v2\/?p=11605","title":{"rendered":"JMJ Lisboa 2023"},"content":{"rendered":"\n<div class=\"wp-block-image\"><figure class=\"aligncenter size-full\"><a href=\"http:\/\/paroquiagloria.org\/v2\/wp-content\/uploads\/2013\/02\/banner_JMJ23.jpg\"><img loading=\"lazy\" width=\"960\" height=\"450\" src=\"http:\/\/paroquiagloria.org\/v2\/wp-content\/uploads\/2013\/02\/banner_JMJ23.jpg\" alt=\"\" class=\"wp-image-9037\" srcset=\"http:\/\/paroquiagloria.org\/v2\/wp-content\/uploads\/2013\/02\/banner_JMJ23.jpg 960w, http:\/\/paroquiagloria.org\/v2\/wp-content\/uploads\/2013\/02\/banner_JMJ23-300x141.jpg 300w\" sizes=\"(max-width: 960px) 100vw, 960px\" \/><\/a><\/figure><\/div>\n\n\n\n<p>O Papa Francisco enviou uma <a href=\"https:\/\/www.lisboa2023.org\/pt\/artigo\/papa-aos-jovens-sigam-em-frente\" data-type=\"URL\" data-id=\"https:\/\/www.lisboa2023.org\/pt\/artigo\/papa-aos-jovens-sigam-em-frente\" target=\"_blank\" rel=\"noreferrer noopener\">nova mensagem v\u00eddeo<\/a> aos jovens peregrinos que se preparam para a participa\u00e7\u00e3o na Jornada Mundial da Juventude que ir\u00e1 acontecer em Lisboa, de 1 a 6 de agosto de 2023.<br>O Santo Padre exorta os jovens a se prepararem para um &#8220;momento entusiasmante&#8221;, porque &#8220;muito se cresce numa Jornada como esta&#8221;. &#8220;N\u00e3o nos damos conta, mas as coisas ficam dentro de n\u00f3s, os valores ficam, as rela\u00e7\u00f5es constru\u00eddas com os jovens de outros pa\u00edses, os encontros, tudo fica dentro de n\u00f3s&#8221;, referiu o Santo Padre na mensagem v\u00eddeo.<\/p>\n\n\n\n<p>ACOMPANHE AS <a href=\"https:\/\/www.lisboa2023.org\/pt\" data-type=\"URL\" data-id=\"https:\/\/www.lisboa2023.org\/pt\" target=\"_blank\" rel=\"noreferrer noopener\"><strong>NOT\u00cdCIAS JMJ2023 !!!<\/strong><\/a><\/p>\n","protected":false},"excerpt":{"rendered":"<p>O Papa Francisco enviou uma nova mensagem v\u00eddeo aos jovens peregrinos que se preparam para a participa\u00e7\u00e3o na Jornada Mundial da Juventude que ir\u00e1 acontecer em Lisboa, de 1 a 6 de agosto de 2023.O Santo Padre exorta os jovens a se prepararem para um &#8220;momento entusiasmante&#8221;, porque &#8220;muito se cresce numa Jornada como esta&#8221;. [&hellip;]<\/p>\n","protected":false},"author":1,"featured_media":9037,"comment_status":"open","ping_status":"closed","sticky":false,"template":"","format":"standard","meta":{"ngg_post_thumbnail":0},"categories":[1,4,2,6],"tags":[],"_links":{"self":[{"href":"http:\/\/paroquiagloria.org\/v2\/index.php?rest_route=\/wp\/v2\/posts\/11605"}],"collection":[{"href":"http:\/\/paroquiagloria.org\/v2\/index.php?rest_route=\/wp\/v2\/posts"}],"about":[{"href":"http:\/\/paroquiagloria.org\/v2\/index.php?rest_route=\/wp\/v2\/types\/post"}],"author":[{"embeddable":true,"href":"http:\/\/paroquiagloria.org\/v2\/index.php?rest_route=\/wp\/v2\/users\/1"}],"replies":[{"embeddable":true,"href":"http:\/\/paroquiagloria.org\/v2\/index.php?rest_route=%2Fwp%2Fv2%2Fcomments&post=11605"}],"version-history":[{"count":1,"href":"http:\/\/paroquiagloria.org\/v2\/index.php?rest_route=\/wp\/v2\/posts\/11605\/revisions"}],"predecessor-version":[{"id":11606,"href":"http:\/\/paroquiagloria.org\/v2\/index.php?rest_route=\/wp\/v2\/posts\/11605\/revisions\/11606"}],"wp:featuredmedia":[{"embeddable":true,"href":"http:\/\/paroquiagloria.org\/v2\/index.php?rest_route=\/wp\/v2\/media\/9037"}],"wp:attachment":[{"href":"http:\/\/paroquiagloria.org\/v2\/index.php?rest_route=%2Fwp%2Fv2%2Fmedia&parent=11605"}],"wp:term":[{"taxonomy":"category","embeddable":true,"href":"http:\/\/paroquiagloria.org\/v2\/index.php?rest_route=%2Fwp%2Fv2%2Fcategories&post=11605"},{"taxonomy":"post_tag","embeddable":true,"href":"http:\/\/paroquiagloria.org\/v2\/index.php?rest_route=%2Fwp%2Fv2%2Ftags&post=11605"}],"curies":[{"name":"wp","href":"https:\/\/api.w.org\/{rel}","templated":true}]}}