{"id":10879,"date":"2022-10-22T18:39:12","date_gmt":"2022-10-22T18:39:12","guid":{"rendered":"http:\/\/paroquiagloria.org\/v2\/?p=10879"},"modified":"2022-10-22T18:39:14","modified_gmt":"2022-10-22T18:39:14","slug":"festival-das-sopas-jmj","status":"publish","type":"post","link":"http:\/\/paroquiagloria.org\/v2\/?p=10879","title":{"rendered":"Festival das Sopas JMJ"},"content":{"rendered":"\n<div class=\"wp-block-image\"><figure class=\"aligncenter size-large\"><a href=\"http:\/\/paroquiagloria.org\/v2\/wp-content\/uploads\/2022\/10\/FestivalSopas.jpg\"><img loading=\"lazy\" width=\"819\" height=\"1024\" src=\"http:\/\/paroquiagloria.org\/v2\/wp-content\/uploads\/2022\/10\/FestivalSopas-819x1024.jpg\" alt=\"\" class=\"wp-image-10870\" srcset=\"http:\/\/paroquiagloria.org\/v2\/wp-content\/uploads\/2022\/10\/FestivalSopas-819x1024.jpg 819w, http:\/\/paroquiagloria.org\/v2\/wp-content\/uploads\/2022\/10\/FestivalSopas-240x300.jpg 240w, http:\/\/paroquiagloria.org\/v2\/wp-content\/uploads\/2022\/10\/FestivalSopas-768x960.jpg 768w, http:\/\/paroquiagloria.org\/v2\/wp-content\/uploads\/2022\/10\/FestivalSopas-1229x1536.jpg 1229w, http:\/\/paroquiagloria.org\/v2\/wp-content\/uploads\/2022\/10\/FestivalSopas.jpg 1638w\" sizes=\"(max-width: 819px) 100vw, 819px\" \/><\/a><\/figure><\/div>\n\n\n\n<p><strong><em>Quem n\u00e3o gosta de uma boa sopa?<\/em><\/strong><br>Estamos a organizar o Festival das Sopas para partilhar a nossa jornada com as pessoas da Par\u00f3quia da Gl\u00f3ria, de todas as idades. A receita do evento ir\u00e1 reverter para a rece\u00e7\u00e3o dos jovens na cidade de Aveiro, durante as Jornadas Mundiais da Juventude 2023.<br>Juntem-se a n\u00f3s com a vossa fam\u00edlia e amigos para apoiar os jovens nesta aventura!<br><strong>Dia 12 de Novembro \u00e0s 20h no Sal\u00e3o Florinhas do Vouga!<\/strong><\/p>\n","protected":false},"excerpt":{"rendered":"<p>Quem n\u00e3o gosta de uma boa sopa?Estamos a organizar o Festival das Sopas para partilhar a nossa jornada com as pessoas da Par\u00f3quia da Gl\u00f3ria, de todas as idades. A receita do evento ir\u00e1 reverter para a rece\u00e7\u00e3o dos jovens na cidade de Aveiro, durante as Jornadas Mundiais da Juventude 2023.Juntem-se a n\u00f3s com a [&hellip;]<\/p>\n","protected":false},"author":1,"featured_media":10864,"comment_status":"open","ping_status":"closed","sticky":false,"template":"","format":"standard","meta":{"ngg_post_thumbnail":0},"categories":[1,4,2,6],"tags":[],"_links":{"self":[{"href":"http:\/\/paroquiagloria.org\/v2\/index.php?rest_route=\/wp\/v2\/posts\/10879"}],"collection":[{"href":"http:\/\/paroquiagloria.org\/v2\/index.php?rest_route=\/wp\/v2\/posts"}],"about":[{"href":"http:\/\/paroquiagloria.org\/v2\/index.php?rest_route=\/wp\/v2\/types\/post"}],"author":[{"embeddable":true,"href":"http:\/\/paroquiagloria.org\/v2\/index.php?rest_route=\/wp\/v2\/users\/1"}],"replies":[{"embeddable":true,"href":"http:\/\/paroquiagloria.org\/v2\/index.php?rest_route=%2Fwp%2Fv2%2Fcomments&post=10879"}],"version-history":[{"count":1,"href":"http:\/\/paroquiagloria.org\/v2\/index.php?rest_route=\/wp\/v2\/posts\/10879\/revisions"}],"predecessor-version":[{"id":10880,"href":"http:\/\/paroquiagloria.org\/v2\/index.php?rest_route=\/wp\/v2\/posts\/10879\/revisions\/10880"}],"wp:featuredmedia":[{"embeddable":true,"href":"http:\/\/paroquiagloria.org\/v2\/index.php?rest_route=\/wp\/v2\/media\/10864"}],"wp:attachment":[{"href":"http:\/\/paroquiagloria.org\/v2\/index.php?rest_route=%2Fwp%2Fv2%2Fmedia&parent=10879"}],"wp:term":[{"taxonomy":"category","embeddable":true,"href":"http:\/\/paroquiagloria.org\/v2\/index.php?rest_route=%2Fwp%2Fv2%2Fcategories&post=10879"},{"taxonomy":"post_tag","embeddable":true,"href":"http:\/\/paroquiagloria.org\/v2\/index.php?rest_route=%2Fwp%2Fv2%2Ftags&post=10879"}],"curies":[{"name":"wp","href":"https:\/\/api.w.org\/{rel}","templated":true}]}}