{"id":10833,"date":"2022-10-08T19:30:24","date_gmt":"2022-10-08T19:30:24","guid":{"rendered":"http:\/\/paroquiagloria.org\/v2\/?p=10833"},"modified":"2022-10-08T19:30:26","modified_gmt":"2022-10-08T19:30:26","slug":"dois-meses-em-missao","status":"publish","type":"post","link":"http:\/\/paroquiagloria.org\/v2\/?p=10833","title":{"rendered":"Dois meses em Miss\u00e3o"},"content":{"rendered":"\n<div class=\"wp-block-image\"><figure class=\"aligncenter size-large\"><a href=\"http:\/\/paroquiagloria.org\/v2\/wp-content\/uploads\/2022\/10\/simao_aveiro.jpg\"><img loading=\"lazy\" width=\"768\" height=\"1024\" src=\"http:\/\/paroquiagloria.org\/v2\/wp-content\/uploads\/2022\/10\/simao_aveiro-768x1024.jpg\" alt=\"\" class=\"wp-image-10816\" srcset=\"http:\/\/paroquiagloria.org\/v2\/wp-content\/uploads\/2022\/10\/simao_aveiro-768x1024.jpg 768w, http:\/\/paroquiagloria.org\/v2\/wp-content\/uploads\/2022\/10\/simao_aveiro-225x300.jpg 225w, http:\/\/paroquiagloria.org\/v2\/wp-content\/uploads\/2022\/10\/simao_aveiro-1152x1536.jpg 1152w, http:\/\/paroquiagloria.org\/v2\/wp-content\/uploads\/2022\/10\/simao_aveiro.jpg 1536w\" sizes=\"(max-width: 768px) 100vw, 768px\" \/><\/a><\/figure><\/div>\n\n\n\n<p>O meu nome \u00e9 <span style=\"text-decoration: underline;\">Vitor Sim\u00e3o<\/span>, tenho 19 anos, e este ver\u00e3o fiz voluntariado mission\u00e1rio em Huambo, Angola.<br>Esta experi\u00eancia foi um grande misto de emo\u00e7\u00f5es. Recebi o maior carinho e afeto que alguma vez pensei vir a receber, dos abra\u00e7os calorosos aos sorrisos simples, mas intensos.<br>As eucaristias pela manh\u00e3zinha com c\u00e2nticos alegres para arrancar uma imensa vontade de ser feliz e fazer os outros felizes.<br>Particip\u00e1mos em orat\u00f3rios durante quase toda a miss\u00e3o, em que t\u00ednhamos catequese, muita brincadeira e o futebol que n\u00e3o podia faltar, uns dias para 50 outros para 2000 crian\u00e7as.<br>Ganh\u00e1mos uma perspetiva diferente perante tudo no nosso dia a dia, depois de nos depararmos com as t\u00e3o duras realidades que l\u00e1 presenci\u00e1mos.<br>Um muito obrigado ao povo angolano que nos fez sentir o aconchego de casa.<\/p>\n\n\n\n<p><\/p>\n\n\n\n<p><a href=\"http:\/\/www.diocese-aveiro.pt\/sdam\/\" data-type=\"URL\" data-id=\"http:\/\/www.diocese-aveiro.pt\/sdam\/\" target=\"_blank\" rel=\"noreferrer noopener\">SDAM<\/a><\/p>\n","protected":false},"excerpt":{"rendered":"<p>O meu nome \u00e9 Vitor Sim\u00e3o, tenho 19 anos, e este ver\u00e3o fiz voluntariado mission\u00e1rio em Huambo, Angola.Esta experi\u00eancia foi um grande misto de emo\u00e7\u00f5es. Recebi o maior carinho e afeto que alguma vez pensei vir a receber, dos abra\u00e7os calorosos aos sorrisos simples, mas intensos.As eucaristias pela manh\u00e3zinha com c\u00e2nticos alegres para arrancar uma [&hellip;]<\/p>\n","protected":false},"author":1,"featured_media":10820,"comment_status":"open","ping_status":"closed","sticky":false,"template":"","format":"standard","meta":{"ngg_post_thumbnail":0},"categories":[1,4,2,6],"tags":[],"_links":{"self":[{"href":"http:\/\/paroquiagloria.org\/v2\/index.php?rest_route=\/wp\/v2\/posts\/10833"}],"collection":[{"href":"http:\/\/paroquiagloria.org\/v2\/index.php?rest_route=\/wp\/v2\/posts"}],"about":[{"href":"http:\/\/paroquiagloria.org\/v2\/index.php?rest_route=\/wp\/v2\/types\/post"}],"author":[{"embeddable":true,"href":"http:\/\/paroquiagloria.org\/v2\/index.php?rest_route=\/wp\/v2\/users\/1"}],"replies":[{"embeddable":true,"href":"http:\/\/paroquiagloria.org\/v2\/index.php?rest_route=%2Fwp%2Fv2%2Fcomments&post=10833"}],"version-history":[{"count":1,"href":"http:\/\/paroquiagloria.org\/v2\/index.php?rest_route=\/wp\/v2\/posts\/10833\/revisions"}],"predecessor-version":[{"id":10834,"href":"http:\/\/paroquiagloria.org\/v2\/index.php?rest_route=\/wp\/v2\/posts\/10833\/revisions\/10834"}],"wp:featuredmedia":[{"embeddable":true,"href":"http:\/\/paroquiagloria.org\/v2\/index.php?rest_route=\/wp\/v2\/media\/10820"}],"wp:attachment":[{"href":"http:\/\/paroquiagloria.org\/v2\/index.php?rest_route=%2Fwp%2Fv2%2Fmedia&parent=10833"}],"wp:term":[{"taxonomy":"category","embeddable":true,"href":"http:\/\/paroquiagloria.org\/v2\/index.php?rest_route=%2Fwp%2Fv2%2Fcategories&post=10833"},{"taxonomy":"post_tag","embeddable":true,"href":"http:\/\/paroquiagloria.org\/v2\/index.php?rest_route=%2Fwp%2Fv2%2Ftags&post=10833"}],"curies":[{"name":"wp","href":"https:\/\/api.w.org\/{rel}","templated":true}]}}