{"id":10783,"date":"2022-09-24T19:20:57","date_gmt":"2022-09-24T19:20:57","guid":{"rendered":"http:\/\/paroquiagloria.org\/v2\/?p=10783"},"modified":"2022-09-24T19:20:59","modified_gmt":"2022-09-24T19:20:59","slug":"economia-de-francisco","status":"publish","type":"post","link":"http:\/\/paroquiagloria.org\/v2\/?p=10783","title":{"rendered":"\u00abEconomia de Francisco\u00bb"},"content":{"rendered":"\n<div class=\"wp-block-image\"><figure class=\"aligncenter size-full\"><a href=\"http:\/\/paroquiagloria.org\/v2\/wp-content\/uploads\/2022\/09\/Economia_Francisco3.jpeg\"><img loading=\"lazy\" width=\"786\" height=\"436\" src=\"http:\/\/paroquiagloria.org\/v2\/wp-content\/uploads\/2022\/09\/Economia_Francisco3.jpeg\" alt=\"\" class=\"wp-image-10773\" srcset=\"http:\/\/paroquiagloria.org\/v2\/wp-content\/uploads\/2022\/09\/Economia_Francisco3.jpeg 786w, http:\/\/paroquiagloria.org\/v2\/wp-content\/uploads\/2022\/09\/Economia_Francisco3-300x166.jpeg 300w, http:\/\/paroquiagloria.org\/v2\/wp-content\/uploads\/2022\/09\/Economia_Francisco3-768x426.jpeg 768w\" sizes=\"(max-width: 786px) 100vw, 786px\" \/><\/a><\/figure><\/div>\n\n\n\n<p>Os jovens participantes no encontro da \u2018Economia de Francisco\u2019, convocado pelo Papa para a cidade italiana de Assis, apelaram ao fim dos conflitos armados, pedindo que os respons\u00e1veis pol\u00edticos se centrem no combate \u00e0 pobreza.<br>\u201cA \u00fanica guerra justa \u00e9 aquela que n\u00e3o lutamos\u201d foi a mensagem lan\u00e7ada no arranque do encontro.<br><\/p>\n\n\n\n<p>fonte: <a rel=\"noreferrer noopener\" href=\"https:\/\/agencia.ecclesia.pt\/portal\/economia-de-assis-jovens-assumem-luta-contra-a-pobreza-como-a-unica-guerra-possivel\/\" target=\"_blank\">Ag\u00eancia Ecclesia<\/a> e <a href=\"https:\/\/agencia.ecclesia.pt\/portal\/economia-delegacao-portuguesa-em-assis-para-propor-novos-criterios-e-modelos-de-desenvolvimento\/\" data-type=\"URL\" data-id=\"https:\/\/agencia.ecclesia.pt\/portal\/economia-delegacao-portuguesa-em-assis-para-propor-novos-criterios-e-modelos-de-desenvolvimento\/\" target=\"_blank\" rel=\"noreferrer noopener\">AQUI<\/a><\/p>\n","protected":false},"excerpt":{"rendered":"<p>Os jovens participantes no encontro da \u2018Economia de Francisco\u2019, convocado pelo Papa para a cidade italiana de Assis, apelaram ao fim dos conflitos armados, pedindo que os respons\u00e1veis pol\u00edticos se centrem no combate \u00e0 pobreza.\u201cA \u00fanica guerra justa \u00e9 aquela que n\u00e3o lutamos\u201d foi a mensagem lan\u00e7ada no arranque do encontro. fonte: Ag\u00eancia Ecclesia e [&hellip;]<\/p>\n","protected":false},"author":1,"featured_media":10774,"comment_status":"open","ping_status":"closed","sticky":false,"template":"","format":"standard","meta":{"ngg_post_thumbnail":0},"categories":[1,4,2,6],"tags":[],"_links":{"self":[{"href":"http:\/\/paroquiagloria.org\/v2\/index.php?rest_route=\/wp\/v2\/posts\/10783"}],"collection":[{"href":"http:\/\/paroquiagloria.org\/v2\/index.php?rest_route=\/wp\/v2\/posts"}],"about":[{"href":"http:\/\/paroquiagloria.org\/v2\/index.php?rest_route=\/wp\/v2\/types\/post"}],"author":[{"embeddable":true,"href":"http:\/\/paroquiagloria.org\/v2\/index.php?rest_route=\/wp\/v2\/users\/1"}],"replies":[{"embeddable":true,"href":"http:\/\/paroquiagloria.org\/v2\/index.php?rest_route=%2Fwp%2Fv2%2Fcomments&post=10783"}],"version-history":[{"count":1,"href":"http:\/\/paroquiagloria.org\/v2\/index.php?rest_route=\/wp\/v2\/posts\/10783\/revisions"}],"predecessor-version":[{"id":10784,"href":"http:\/\/paroquiagloria.org\/v2\/index.php?rest_route=\/wp\/v2\/posts\/10783\/revisions\/10784"}],"wp:featuredmedia":[{"embeddable":true,"href":"http:\/\/paroquiagloria.org\/v2\/index.php?rest_route=\/wp\/v2\/media\/10774"}],"wp:attachment":[{"href":"http:\/\/paroquiagloria.org\/v2\/index.php?rest_route=%2Fwp%2Fv2%2Fmedia&parent=10783"}],"wp:term":[{"taxonomy":"category","embeddable":true,"href":"http:\/\/paroquiagloria.org\/v2\/index.php?rest_route=%2Fwp%2Fv2%2Fcategories&post=10783"},{"taxonomy":"post_tag","embeddable":true,"href":"http:\/\/paroquiagloria.org\/v2\/index.php?rest_route=%2Fwp%2Fv2%2Ftags&post=10783"}],"curies":[{"name":"wp","href":"https:\/\/api.w.org\/{rel}","templated":true}]}}