{"id":10756,"date":"2022-09-18T10:56:08","date_gmt":"2022-09-18T10:56:08","guid":{"rendered":"http:\/\/paroquiagloria.org\/v2\/?p=10756"},"modified":"2022-09-18T10:56:10","modified_gmt":"2022-09-18T10:56:10","slug":"patronato-de-vilar","status":"publish","type":"post","link":"http:\/\/paroquiagloria.org\/v2\/?p=10756","title":{"rendered":"Patronato de Vilar"},"content":{"rendered":"\n<div class=\"wp-block-image\"><figure class=\"aligncenter size-full\"><a href=\"http:\/\/paroquiagloria.org\/v2\/wp-content\/uploads\/2019\/02\/banner_patronatoVilar.jpg\"><img loading=\"lazy\" width=\"960\" height=\"450\" src=\"http:\/\/paroquiagloria.org\/v2\/wp-content\/uploads\/2019\/02\/banner_patronatoVilar.jpg\" alt=\"\" class=\"wp-image-7332\" srcset=\"http:\/\/paroquiagloria.org\/v2\/wp-content\/uploads\/2019\/02\/banner_patronatoVilar.jpg 960w, http:\/\/paroquiagloria.org\/v2\/wp-content\/uploads\/2019\/02\/banner_patronatoVilar-300x141.jpg 300w\" sizes=\"(max-width: 960px) 100vw, 960px\" \/><\/a><\/figure><\/div>\n\n\n\n<p>A direc\u00e7\u00e3o do Patronato \u201cNossa Senhora de F\u00e1tima\u201d em Vilar, reunir\u00e1 sempre na primeira segunda-feira de cada m\u00eas \u00e0s 21h, em Vilar.<\/p>\n","protected":false},"excerpt":{"rendered":"<p>A direc\u00e7\u00e3o do Patronato \u201cNossa Senhora de F\u00e1tima\u201d em Vilar, reunir\u00e1 sempre na primeira segunda-feira de cada m\u00eas \u00e0s 21h, em Vilar.<\/p>\n","protected":false},"author":1,"featured_media":7332,"comment_status":"open","ping_status":"closed","sticky":false,"template":"","format":"standard","meta":{"ngg_post_thumbnail":0},"categories":[1,4,2,6],"tags":[],"_links":{"self":[{"href":"http:\/\/paroquiagloria.org\/v2\/index.php?rest_route=\/wp\/v2\/posts\/10756"}],"collection":[{"href":"http:\/\/paroquiagloria.org\/v2\/index.php?rest_route=\/wp\/v2\/posts"}],"about":[{"href":"http:\/\/paroquiagloria.org\/v2\/index.php?rest_route=\/wp\/v2\/types\/post"}],"author":[{"embeddable":true,"href":"http:\/\/paroquiagloria.org\/v2\/index.php?rest_route=\/wp\/v2\/users\/1"}],"replies":[{"embeddable":true,"href":"http:\/\/paroquiagloria.org\/v2\/index.php?rest_route=%2Fwp%2Fv2%2Fcomments&post=10756"}],"version-history":[{"count":1,"href":"http:\/\/paroquiagloria.org\/v2\/index.php?rest_route=\/wp\/v2\/posts\/10756\/revisions"}],"predecessor-version":[{"id":10757,"href":"http:\/\/paroquiagloria.org\/v2\/index.php?rest_route=\/wp\/v2\/posts\/10756\/revisions\/10757"}],"wp:featuredmedia":[{"embeddable":true,"href":"http:\/\/paroquiagloria.org\/v2\/index.php?rest_route=\/wp\/v2\/media\/7332"}],"wp:attachment":[{"href":"http:\/\/paroquiagloria.org\/v2\/index.php?rest_route=%2Fwp%2Fv2%2Fmedia&parent=10756"}],"wp:term":[{"taxonomy":"category","embeddable":true,"href":"http:\/\/paroquiagloria.org\/v2\/index.php?rest_route=%2Fwp%2Fv2%2Fcategories&post=10756"},{"taxonomy":"post_tag","embeddable":true,"href":"http:\/\/paroquiagloria.org\/v2\/index.php?rest_route=%2Fwp%2Fv2%2Ftags&post=10756"}],"curies":[{"name":"wp","href":"https:\/\/api.w.org\/{rel}","templated":true}]}}