{"id":10720,"date":"2022-07-16T18:44:58","date_gmt":"2022-07-16T18:44:58","guid":{"rendered":"http:\/\/paroquiagloria.org\/v2\/?p=10720"},"modified":"2022-07-16T18:44:59","modified_gmt":"2022-07-16T18:44:59","slug":"testemunho-de-missao","status":"publish","type":"post","link":"http:\/\/paroquiagloria.org\/v2\/?p=10720","title":{"rendered":"Testemunho de miss\u00e3o"},"content":{"rendered":"\n<div class=\"wp-block-image\"><figure class=\"aligncenter size-full\"><a href=\"http:\/\/paroquiagloria.org\/v2\/wp-content\/uploads\/2022\/07\/MissiON.jpg\"><img loading=\"lazy\" width=\"858\" height=\"468\" src=\"http:\/\/paroquiagloria.org\/v2\/wp-content\/uploads\/2022\/07\/MissiON.jpg\" alt=\"\" class=\"wp-image-10710\" srcset=\"http:\/\/paroquiagloria.org\/v2\/wp-content\/uploads\/2022\/07\/MissiON.jpg 858w, http:\/\/paroquiagloria.org\/v2\/wp-content\/uploads\/2022\/07\/MissiON-300x164.jpg 300w, http:\/\/paroquiagloria.org\/v2\/wp-content\/uploads\/2022\/07\/MissiON-768x419.jpg 768w\" sizes=\"(max-width: 858px) 100vw, 858px\" \/><\/a><\/figure><\/div>\n\n\n\n<p>No final deste m\u00eas de julho, tr\u00eas jovens da nossa par\u00f3quia v\u00e3o para Angola fazer um tempo de voluntariado mission\u00e1rio, atrav\u00e9s do SDAM (Servi\u00e7o Diocesano de Anima\u00e7\u00e3o Mission\u00e1ria). Al\u00e9m de todas as pessoas, levam com eles alguns donativos que foram recolhendo para ajudar nas diferentes atividades em que v\u00e3o estar inseridos e na comunidade que os vai acolher.<br>Deixamos o testemunho da <strong>Margarida Miranda.<\/strong><\/p>\n\n\n\n<div class=\"wp-block-image\"><figure class=\"aligncenter size-full\"><a href=\"http:\/\/paroquiagloria.org\/v2\/wp-content\/uploads\/2022\/07\/MissiOn7_small.jpg\"><img loading=\"lazy\" width=\"960\" height=\"640\" src=\"http:\/\/paroquiagloria.org\/v2\/wp-content\/uploads\/2022\/07\/MissiOn7_small.jpg\" alt=\"\" class=\"wp-image-10707\" srcset=\"http:\/\/paroquiagloria.org\/v2\/wp-content\/uploads\/2022\/07\/MissiOn7_small.jpg 960w, http:\/\/paroquiagloria.org\/v2\/wp-content\/uploads\/2022\/07\/MissiOn7_small-300x200.jpg 300w, http:\/\/paroquiagloria.org\/v2\/wp-content\/uploads\/2022\/07\/MissiOn7_small-768x512.jpg 768w, http:\/\/paroquiagloria.org\/v2\/wp-content\/uploads\/2022\/07\/MissiOn7_small-140x94.jpg 140w\" sizes=\"(max-width: 960px) 100vw, 960px\" \/><\/a><\/figure><\/div>\n\n\n\n<p><br>\u201cIr em Miss\u00e3o<br>ONDE E QUEM FOR PRECISO<br>O meu nome \u00e9 Margarida Miranda, tenho 19 anos, sou aluna da Universidade do Porto e este ver\u00e3o vou em miss\u00e3o para Huambo.<br>Desde pequena que sempre sonhei em fazer algo mais al\u00e9m daquilo que nos ensinam na escola e que a sociedade nos diz que deve ser o nosso quotidiano, o passo seguinte ou a decis\u00e3o acertada. Porque por vezes, sentia e sinto que andamos demasiado focados na nossa pr\u00f3pria \u201cbolha\u201d e gostava de quebrar esse ciclo na minha vida de estudante, que por vezes parece mais dram\u00e1tica do que \u00e9 na realidade. Assim, quando estava no nono ano, no final da missa ouvi um testemunho de um jovem mission\u00e1rio, que me inspirou, e prometi a mim mesma que um dia, quando tivesse idade suficiente, tamb\u00e9m eu iria em miss\u00e3o. Por isso, em Outubro de 2021, inscrevi-me na forma\u00e7\u00e3o do SDAM, que tem como objetivo incentivar as pessoas a fazer voluntariado, angariar fundos para os centros de miss\u00e3o, orientar os mission\u00e1rios durante todo o processo de prepara\u00e7\u00e3o e tudo o que este envolve (desde burocracias, at\u00e9 partilha de experi\u00eancias passadas) e principalmente a cria\u00e7\u00e3o de la\u00e7os entre volunt\u00e1rios.<br>A um m\u00eas de ir em miss\u00e3o a \u00e2nsia, o desejo e a vontade de ir est\u00e3o constantemente a flutuar na minha cabe\u00e7a. No entanto, n\u00e3o tenho expectativas e cada coisa a seu tempo, mas vou sem d\u00favida com o intuito de ajudar onde e quem for preciso, porque sempre ouvi dizer que para crescermos temos de ensinar e aprender, maravilhar e deixar que nos maravilhem, e tenho um pressentimento bom sobre tudo o que vem a\u00ed.\u201d<\/p>\n\n\n\n<div class=\"wp-block-image\"><figure class=\"aligncenter size-full\"><a href=\"http:\/\/paroquiagloria.org\/v2\/wp-content\/uploads\/2022\/07\/SDAM_2022.jpg\"><img loading=\"lazy\" width=\"960\" height=\"520\" src=\"http:\/\/paroquiagloria.org\/v2\/wp-content\/uploads\/2022\/07\/SDAM_2022.jpg\" alt=\"\" class=\"wp-image-10708\" srcset=\"http:\/\/paroquiagloria.org\/v2\/wp-content\/uploads\/2022\/07\/SDAM_2022.jpg 960w, http:\/\/paroquiagloria.org\/v2\/wp-content\/uploads\/2022\/07\/SDAM_2022-300x163.jpg 300w, http:\/\/paroquiagloria.org\/v2\/wp-content\/uploads\/2022\/07\/SDAM_2022-768x416.jpg 768w\" sizes=\"(max-width: 960px) 100vw, 960px\" \/><\/a><\/figure><\/div>\n","protected":false},"excerpt":{"rendered":"<p>No final deste m\u00eas de julho, tr\u00eas jovens da nossa par\u00f3quia v\u00e3o para Angola fazer um tempo de voluntariado mission\u00e1rio, atrav\u00e9s do SDAM (Servi\u00e7o Diocesano de Anima\u00e7\u00e3o Mission\u00e1ria). Al\u00e9m de todas as pessoas, levam com eles alguns donativos que foram recolhendo para ajudar nas diferentes atividades em que v\u00e3o estar inseridos e na comunidade que [&hellip;]<\/p>\n","protected":false},"author":1,"featured_media":10709,"comment_status":"open","ping_status":"closed","sticky":false,"template":"","format":"standard","meta":{"ngg_post_thumbnail":0},"categories":[1,4,2,6,24],"tags":[],"_links":{"self":[{"href":"http:\/\/paroquiagloria.org\/v2\/index.php?rest_route=\/wp\/v2\/posts\/10720"}],"collection":[{"href":"http:\/\/paroquiagloria.org\/v2\/index.php?rest_route=\/wp\/v2\/posts"}],"about":[{"href":"http:\/\/paroquiagloria.org\/v2\/index.php?rest_route=\/wp\/v2\/types\/post"}],"author":[{"embeddable":true,"href":"http:\/\/paroquiagloria.org\/v2\/index.php?rest_route=\/wp\/v2\/users\/1"}],"replies":[{"embeddable":true,"href":"http:\/\/paroquiagloria.org\/v2\/index.php?rest_route=%2Fwp%2Fv2%2Fcomments&post=10720"}],"version-history":[{"count":1,"href":"http:\/\/paroquiagloria.org\/v2\/index.php?rest_route=\/wp\/v2\/posts\/10720\/revisions"}],"predecessor-version":[{"id":10721,"href":"http:\/\/paroquiagloria.org\/v2\/index.php?rest_route=\/wp\/v2\/posts\/10720\/revisions\/10721"}],"wp:featuredmedia":[{"embeddable":true,"href":"http:\/\/paroquiagloria.org\/v2\/index.php?rest_route=\/wp\/v2\/media\/10709"}],"wp:attachment":[{"href":"http:\/\/paroquiagloria.org\/v2\/index.php?rest_route=%2Fwp%2Fv2%2Fmedia&parent=10720"}],"wp:term":[{"taxonomy":"category","embeddable":true,"href":"http:\/\/paroquiagloria.org\/v2\/index.php?rest_route=%2Fwp%2Fv2%2Fcategories&post=10720"},{"taxonomy":"post_tag","embeddable":true,"href":"http:\/\/paroquiagloria.org\/v2\/index.php?rest_route=%2Fwp%2Fv2%2Ftags&post=10720"}],"curies":[{"name":"wp","href":"https:\/\/api.w.org\/{rel}","templated":true}]}}