{"id":10718,"date":"2022-07-16T18:43:08","date_gmt":"2022-07-16T18:43:08","guid":{"rendered":"http:\/\/paroquiagloria.org\/v2\/?p=10718"},"modified":"2022-07-17T11:19:39","modified_gmt":"2022-07-17T11:19:39","slug":"horarios-de-verao-5","status":"publish","type":"post","link":"http:\/\/paroquiagloria.org\/v2\/?p=10718","title":{"rendered":"HOR\u00c1RIOS DE VER\u00c3O"},"content":{"rendered":"\n<h2>a partir de 18 de Julho<\/h2>\n\n\n\n<div class=\"wp-block-image\"><figure class=\"aligncenter size-full\"><a href=\"http:\/\/paroquiagloria.org\/v2\/wp-content\/uploads\/2022\/07\/banner_Horarios.jpg\"><img loading=\"lazy\" width=\"960\" height=\"450\" src=\"http:\/\/paroquiagloria.org\/v2\/wp-content\/uploads\/2022\/07\/banner_Horarios.jpg\" alt=\"\" class=\"wp-image-10705\" srcset=\"http:\/\/paroquiagloria.org\/v2\/wp-content\/uploads\/2022\/07\/banner_Horarios.jpg 960w, http:\/\/paroquiagloria.org\/v2\/wp-content\/uploads\/2022\/07\/banner_Horarios-300x141.jpg 300w, http:\/\/paroquiagloria.org\/v2\/wp-content\/uploads\/2022\/07\/banner_Horarios-768x360.jpg 768w\" sizes=\"(max-width: 960px) 100vw, 960px\" \/><\/a><\/figure><\/div>\n\n\n\n<p><strong><span style=\"text-decoration: underline;\">Eucaristias:<\/span><\/strong><br><strong>Domingo: <\/strong>10h30, 12h00 e 19h00, na S\u00e9<br><strong>Segunda a Sexta: <\/strong>8h30 e 19h00, na S\u00e9<br><strong>S\u00e1bado:<\/strong> 8h30 e 19h00, na S\u00e9<br>              18h00 alternando entre <strong>Santiago e Vilar<\/strong>:<\/p>\n\n\n\n<ul><li>23 de Julho: Santiago<\/li><li>30 de Julho: Vilar<\/li><li>6 de Agosto: Santiago<\/li><li>13 de Agosto: Vilar<\/li><li>20 de Agosto: Santiago<\/li><li>27 de Agosto: Vilar<\/li><li>3 de Setembro: Santiago<\/li><li>10 de Setembro: Vilar<br><\/li><\/ul>\n\n\n\n<p><\/p>\n\n\n\n<p><strong><span style=\"text-decoration: underline;\">Confiss\u00f5es:<\/span><\/strong><br><strong>Segundas, quartas e sextas-feiras<\/strong> das 9h15 \u00e0s 11h00.<\/p>\n\n\n\n<p><strong><span style=\"text-decoration: underline;\">N\u00e3o haver\u00e1<\/span> Exposi\u00e7\u00e3o do Sant\u00edssimo<\/strong>, aos s\u00e1bados,<br><\/p>\n\n\n\n<p><\/p>\n\n\n\n<p><span style=\"text-decoration: underline;\"><strong>Secretaria Paroquial<\/strong><\/span>:<span style=\"text-decoration: underline;\"><br><\/span><strong>De segunda a sexta-feira <\/strong>das 14h30 \u00e0s 19h00.<br><\/p>\n\n\n\n<p><span style=\"text-decoration: underline;\"><strong>Cart\u00f3rio:<\/strong><\/span><br><strong>De ter\u00e7a a sexta-feira<\/strong>, das 16h00 \u00e0s 19h00.<br><\/p>\n\n\n\n<p><strong><span style=\"text-decoration: underline;\">Sacristia<\/span><\/strong>: <\/p>\n\n\n\n<p class=\"has-vivid-red-color has-text-color\"><strong>Encerrada<\/strong>.<\/p>\n","protected":false},"excerpt":{"rendered":"<p>a partir de 18 de Julho Eucaristias:Domingo: 10h30, 12h00 e 19h00, na S\u00e9Segunda a Sexta: 8h30 e 19h00, na S\u00e9S\u00e1bado: 8h30 e 19h00, na S\u00e9 18h00 alternando entre Santiago e Vilar: 23 de Julho: Santiago 30 de Julho: Vilar 6 de Agosto: Santiago 13 de Agosto: Vilar 20 de Agosto: Santiago 27 de Agosto: Vilar [&hellip;]<\/p>\n","protected":false},"author":1,"featured_media":10705,"comment_status":"open","ping_status":"closed","sticky":false,"template":"","format":"standard","meta":{"ngg_post_thumbnail":0},"categories":[1,4,2,6,24],"tags":[],"_links":{"self":[{"href":"http:\/\/paroquiagloria.org\/v2\/index.php?rest_route=\/wp\/v2\/posts\/10718"}],"collection":[{"href":"http:\/\/paroquiagloria.org\/v2\/index.php?rest_route=\/wp\/v2\/posts"}],"about":[{"href":"http:\/\/paroquiagloria.org\/v2\/index.php?rest_route=\/wp\/v2\/types\/post"}],"author":[{"embeddable":true,"href":"http:\/\/paroquiagloria.org\/v2\/index.php?rest_route=\/wp\/v2\/users\/1"}],"replies":[{"embeddable":true,"href":"http:\/\/paroquiagloria.org\/v2\/index.php?rest_route=%2Fwp%2Fv2%2Fcomments&post=10718"}],"version-history":[{"count":2,"href":"http:\/\/paroquiagloria.org\/v2\/index.php?rest_route=\/wp\/v2\/posts\/10718\/revisions"}],"predecessor-version":[{"id":10727,"href":"http:\/\/paroquiagloria.org\/v2\/index.php?rest_route=\/wp\/v2\/posts\/10718\/revisions\/10727"}],"wp:featuredmedia":[{"embeddable":true,"href":"http:\/\/paroquiagloria.org\/v2\/index.php?rest_route=\/wp\/v2\/media\/10705"}],"wp:attachment":[{"href":"http:\/\/paroquiagloria.org\/v2\/index.php?rest_route=%2Fwp%2Fv2%2Fmedia&parent=10718"}],"wp:term":[{"taxonomy":"category","embeddable":true,"href":"http:\/\/paroquiagloria.org\/v2\/index.php?rest_route=%2Fwp%2Fv2%2Fcategories&post=10718"},{"taxonomy":"post_tag","embeddable":true,"href":"http:\/\/paroquiagloria.org\/v2\/index.php?rest_route=%2Fwp%2Fv2%2Ftags&post=10718"}],"curies":[{"name":"wp","href":"https:\/\/api.w.org\/{rel}","templated":true}]}}