{"id":10716,"date":"2022-07-16T18:38:11","date_gmt":"2022-07-16T18:38:11","guid":{"rendered":"http:\/\/paroquiagloria.org\/v2\/?p=10716"},"modified":"2022-07-16T18:38:12","modified_gmt":"2022-07-16T18:38:12","slug":"oracao-pelas-ferias","status":"publish","type":"post","link":"http:\/\/paroquiagloria.org\/v2\/?p=10716","title":{"rendered":"Ora\u00e7\u00e3o pelas f\u00e9rias"},"content":{"rendered":"\n<h2>D. Jos\u00e9 Tolentino Mendon\u00e7a<\/h2>\n\n\n\n<div class=\"wp-block-image\"><figure class=\"aligncenter size-full\"><a href=\"http:\/\/paroquiagloria.org\/v2\/wp-content\/uploads\/2021\/07\/banner_ferias.jpg\"><img loading=\"lazy\" width=\"960\" height=\"450\" src=\"http:\/\/paroquiagloria.org\/v2\/wp-content\/uploads\/2021\/07\/banner_ferias.jpg\" alt=\"\" class=\"wp-image-9617\" srcset=\"http:\/\/paroquiagloria.org\/v2\/wp-content\/uploads\/2021\/07\/banner_ferias.jpg 960w, http:\/\/paroquiagloria.org\/v2\/wp-content\/uploads\/2021\/07\/banner_ferias-300x141.jpg 300w, http:\/\/paroquiagloria.org\/v2\/wp-content\/uploads\/2021\/07\/banner_ferias-768x360.jpg 768w\" sizes=\"(max-width: 960px) 100vw, 960px\" \/><\/a><\/figure><\/div>\n\n\n\n<p>D\u00e1-nos, Senhor,<br>depois de todas as fadigas<br>um tempo verdadeiro de paz.<\/p>\n\n\n\n<p>D\u00e1-nos,<br>depois de tantas palavras<br>o dom do sil\u00eancio<br>que purifica e recria.<\/p>\n\n\n\n<p>D\u00e1-nos,<br>depois das insatisfa\u00e7\u00f5es que travam<br>a alegria como um barco n\u00edtido.<\/p>\n\n\n\n<p>D\u00e1-nos,<br>a possibilidade de viver sem pressa,<br>deslumbrados com a surpresa<br>que os dias trazem pela m\u00e3o.<\/p>\n\n\n\n<p>D\u00e1-nos<br>a capacidade de viver de olhos abertos,<br>de viver intensamente.<\/p>\n\n\n\n<p>D\u00e1-nos<br>de novo a gra\u00e7a do canto,<br>do assobio que imita<br>a felicidade a\u00e9rea<br>dos p\u00e1ssaros,<br>das imagens reencontradas,<br>do riso partilhado.<\/p>\n\n\n\n<p>D\u00e1-nos<br>a for\u00e7a de impedir que a dura necessidade<br>esmague em n\u00f3s o desejo<br>e a espuma branca dos sonhos<br>se dissipe.<\/p>\n\n\n\n<p>Faz-nos<br>peregrinos que no vis\u00edvel<br>escutam a melodia secreta<br>do invis\u00edvel.<\/p>\n","protected":false},"excerpt":{"rendered":"<p>D. Jos\u00e9 Tolentino Mendon\u00e7a D\u00e1-nos, Senhor,depois de todas as fadigasum tempo verdadeiro de paz. D\u00e1-nos,depois de tantas palavraso dom do sil\u00eancioque purifica e recria. D\u00e1-nos,depois das insatisfa\u00e7\u00f5es que travama alegria como um barco n\u00edtido. D\u00e1-nos,a possibilidade de viver sem pressa,deslumbrados com a surpresaque os dias trazem pela m\u00e3o. D\u00e1-nosa capacidade de viver de olhos abertos,de [&hellip;]<\/p>\n","protected":false},"author":1,"featured_media":9617,"comment_status":"open","ping_status":"closed","sticky":false,"template":"","format":"standard","meta":{"ngg_post_thumbnail":0},"categories":[1,4,2,6],"tags":[],"_links":{"self":[{"href":"http:\/\/paroquiagloria.org\/v2\/index.php?rest_route=\/wp\/v2\/posts\/10716"}],"collection":[{"href":"http:\/\/paroquiagloria.org\/v2\/index.php?rest_route=\/wp\/v2\/posts"}],"about":[{"href":"http:\/\/paroquiagloria.org\/v2\/index.php?rest_route=\/wp\/v2\/types\/post"}],"author":[{"embeddable":true,"href":"http:\/\/paroquiagloria.org\/v2\/index.php?rest_route=\/wp\/v2\/users\/1"}],"replies":[{"embeddable":true,"href":"http:\/\/paroquiagloria.org\/v2\/index.php?rest_route=%2Fwp%2Fv2%2Fcomments&post=10716"}],"version-history":[{"count":1,"href":"http:\/\/paroquiagloria.org\/v2\/index.php?rest_route=\/wp\/v2\/posts\/10716\/revisions"}],"predecessor-version":[{"id":10717,"href":"http:\/\/paroquiagloria.org\/v2\/index.php?rest_route=\/wp\/v2\/posts\/10716\/revisions\/10717"}],"wp:featuredmedia":[{"embeddable":true,"href":"http:\/\/paroquiagloria.org\/v2\/index.php?rest_route=\/wp\/v2\/media\/9617"}],"wp:attachment":[{"href":"http:\/\/paroquiagloria.org\/v2\/index.php?rest_route=%2Fwp%2Fv2%2Fmedia&parent=10716"}],"wp:term":[{"taxonomy":"category","embeddable":true,"href":"http:\/\/paroquiagloria.org\/v2\/index.php?rest_route=%2Fwp%2Fv2%2Fcategories&post=10716"},{"taxonomy":"post_tag","embeddable":true,"href":"http:\/\/paroquiagloria.org\/v2\/index.php?rest_route=%2Fwp%2Fv2%2Ftags&post=10716"}],"curies":[{"name":"wp","href":"https:\/\/api.w.org\/{rel}","templated":true}]}}