{"id":10698,"date":"2022-07-09T19:15:25","date_gmt":"2022-07-09T19:15:25","guid":{"rendered":"http:\/\/paroquiagloria.org\/v2\/?p=10698"},"modified":"2022-07-09T19:15:26","modified_gmt":"2022-07-09T19:15:26","slug":"itinerario-de-iniciacao-a-vida-crista","status":"publish","type":"post","link":"http:\/\/paroquiagloria.org\/v2\/?p=10698","title":{"rendered":"Itiner\u00e1rio de inicia\u00e7\u00e3o \u00e0 vida crist\u00e3"},"content":{"rendered":"\n<div class=\"wp-block-image\"><figure class=\"aligncenter size-full\"><a href=\"http:\/\/paroquiagloria.org\/v2\/wp-content\/uploads\/2022\/07\/itinerarioIC.jpg\"><img loading=\"lazy\" width=\"802\" height=\"1022\" src=\"http:\/\/paroquiagloria.org\/v2\/wp-content\/uploads\/2022\/07\/itinerarioIC.jpg\" alt=\"\" class=\"wp-image-10680\" srcset=\"http:\/\/paroquiagloria.org\/v2\/wp-content\/uploads\/2022\/07\/itinerarioIC.jpg 802w, http:\/\/paroquiagloria.org\/v2\/wp-content\/uploads\/2022\/07\/itinerarioIC-235x300.jpg 235w, http:\/\/paroquiagloria.org\/v2\/wp-content\/uploads\/2022\/07\/itinerarioIC-768x979.jpg 768w\" sizes=\"(max-width: 802px) 100vw, 802px\" \/><\/a><\/figure><\/div>\n\n\n\n<p>Depois da aprova\u00e7\u00e3o dada pela Confer\u00eancia Episcopal Portuguesa no passado m\u00eas de abril de 2022, est\u00e1 agora dispon\u00edvel o documento que passa a ser &#8220;o novo referencial para a catequese em Portugal&#8221;, da\u00ed o nome que toma \u00abItiner\u00e1rio de inicia\u00e7\u00e3o \u00e0 vida crist\u00e3 das crian\u00e7as e dos adolescentes com as fam\u00edlias\u00bb. Pretende-se que as fam\u00edlias tenham um papel ativo na forma\u00e7\u00e3o dos filhos uma vez que s\u00e3o elas a primeira comunidade crist\u00e3.<br>Segundo o Presidente da Comiss\u00e3o Episcopal respons\u00e1vel pela educa\u00e7\u00e3o da f\u00e9, D. Ant\u00f3nio Moiteiro, \u201ceste itiner\u00e1rio \u00e9 para todas as fam\u00edlias e n\u00e3o apenas para as que j\u00e1 tem pr\u00e1tica eclesial. Queremos gerar din\u00e2micas que permitam, tamb\u00e9m aos pais e parentes chegados, no acompanhamento aos mais novos, fazer caminho no encontro com Cristo Ressuscitado\u201d. O novo itiner\u00e1rio vai ser aplicado em \u201ctr\u00eas momentos distintos e progressivos. Do Despertar da F\u00e9, passando pelo Catecumenado, e terminando com a Mistagogia\u201d.<\/p>\n","protected":false},"excerpt":{"rendered":"<p>Depois da aprova\u00e7\u00e3o dada pela Confer\u00eancia Episcopal Portuguesa no passado m\u00eas de abril de 2022, est\u00e1 agora dispon\u00edvel o documento que passa a ser &#8220;o novo referencial para a catequese em Portugal&#8221;, da\u00ed o nome que toma \u00abItiner\u00e1rio de inicia\u00e7\u00e3o \u00e0 vida crist\u00e3 das crian\u00e7as e dos adolescentes com as fam\u00edlias\u00bb. Pretende-se que as fam\u00edlias [&hellip;]<\/p>\n","protected":false},"author":1,"featured_media":10679,"comment_status":"open","ping_status":"closed","sticky":false,"template":"","format":"standard","meta":{"ngg_post_thumbnail":0},"categories":[1,4,2,6,24],"tags":[],"_links":{"self":[{"href":"http:\/\/paroquiagloria.org\/v2\/index.php?rest_route=\/wp\/v2\/posts\/10698"}],"collection":[{"href":"http:\/\/paroquiagloria.org\/v2\/index.php?rest_route=\/wp\/v2\/posts"}],"about":[{"href":"http:\/\/paroquiagloria.org\/v2\/index.php?rest_route=\/wp\/v2\/types\/post"}],"author":[{"embeddable":true,"href":"http:\/\/paroquiagloria.org\/v2\/index.php?rest_route=\/wp\/v2\/users\/1"}],"replies":[{"embeddable":true,"href":"http:\/\/paroquiagloria.org\/v2\/index.php?rest_route=%2Fwp%2Fv2%2Fcomments&post=10698"}],"version-history":[{"count":1,"href":"http:\/\/paroquiagloria.org\/v2\/index.php?rest_route=\/wp\/v2\/posts\/10698\/revisions"}],"predecessor-version":[{"id":10699,"href":"http:\/\/paroquiagloria.org\/v2\/index.php?rest_route=\/wp\/v2\/posts\/10698\/revisions\/10699"}],"wp:featuredmedia":[{"embeddable":true,"href":"http:\/\/paroquiagloria.org\/v2\/index.php?rest_route=\/wp\/v2\/media\/10679"}],"wp:attachment":[{"href":"http:\/\/paroquiagloria.org\/v2\/index.php?rest_route=%2Fwp%2Fv2%2Fmedia&parent=10698"}],"wp:term":[{"taxonomy":"category","embeddable":true,"href":"http:\/\/paroquiagloria.org\/v2\/index.php?rest_route=%2Fwp%2Fv2%2Fcategories&post=10698"},{"taxonomy":"post_tag","embeddable":true,"href":"http:\/\/paroquiagloria.org\/v2\/index.php?rest_route=%2Fwp%2Fv2%2Ftags&post=10698"}],"curies":[{"name":"wp","href":"https:\/\/api.w.org\/{rel}","templated":true}]}}