{"id":10667,"date":"2022-07-02T19:01:16","date_gmt":"2022-07-02T19:01:16","guid":{"rendered":"http:\/\/paroquiagloria.org\/v2\/?p=10667"},"modified":"2022-07-02T19:01:17","modified_gmt":"2022-07-02T19:01:17","slug":"carta-apostolica-sobre-a-liturgia","status":"publish","type":"post","link":"http:\/\/paroquiagloria.org\/v2\/?p=10667","title":{"rendered":"Carta apost\u00f3lica sobre a liturgia"},"content":{"rendered":"\n<div class=\"wp-block-image\"><figure class=\"aligncenter size-full\"><a href=\"http:\/\/paroquiagloria.org\/v2\/wp-content\/uploads\/2022\/07\/liturgiavaticano.jpeg\"><img loading=\"lazy\" width=\"750\" height=\"422\" src=\"http:\/\/paroquiagloria.org\/v2\/wp-content\/uploads\/2022\/07\/liturgiavaticano.jpeg\" alt=\"\" class=\"wp-image-10659\" srcset=\"http:\/\/paroquiagloria.org\/v2\/wp-content\/uploads\/2022\/07\/liturgiavaticano.jpeg 750w, http:\/\/paroquiagloria.org\/v2\/wp-content\/uploads\/2022\/07\/liturgiavaticano-300x169.jpeg 300w\" sizes=\"(max-width: 750px) 100vw, 750px\" \/><\/a><\/figure><\/div>\n\n\n\n<p>Foi publicada esta semana a carta apost\u00f3lica \u2018<em>Desiderio desideravi<\/em>\u2019, em que o Papa Francisco se dirige a toda a Igreja para pedir o fim das \u201cpol\u00e9micas\u201d sobre a Liturgia, criticando tanto o desleixo com o excesso de formalismo nas celebra\u00e7\u00f5es. A carta sublinha que \u201cuma celebra\u00e7\u00e3o que n\u00e3o evangeliza n\u00e3o \u00e9 aut\u00eantica\u201d, pedindo que se recupere o significado profundo da celebra\u00e7\u00e3o da Eucaristia.<br>O Papa aprofunda ainda a mensagem que tinha enviado aos bispos de todo o mundo, na carta \u2018<em>Traditionis Custodes<\/em>\u2019, a respeito do uso da Liturgia Romana anterior \u00e0 reforma de 1970 e destaca a necessidade de promover a participa\u00e7\u00e3o de toda a assembleia, recuperando o \u201csentido do mist\u00e9rio\u201d, perante o individualismo, o subjectivismo e o \u201cespiritualismo abstrato\u201d do mundo p\u00f3s-moderno.<\/p>\n\n\n\n<p><\/p>\n\n\n\n<p>M<a href=\"https:\/\/www.vaticannews.va\/pt\/papa\/news\/2022-06\/papa-francisco-carta-apostolica-desiderio-desideravi-liturgia.html\" data-type=\"URL\" data-id=\"https:\/\/www.vaticannews.va\/pt\/papa\/news\/2022-06\/papa-francisco-carta-apostolica-desiderio-desideravi-liturgia.html\" target=\"_blank\" rel=\"noreferrer noopener\">AIS INFORMA\u00c7\u00d5ES AQUI<\/a><\/p>\n","protected":false},"excerpt":{"rendered":"<p>Foi publicada esta semana a carta apost\u00f3lica \u2018Desiderio desideravi\u2019, em que o Papa Francisco se dirige a toda a Igreja para pedir o fim das \u201cpol\u00e9micas\u201d sobre a Liturgia, criticando tanto o desleixo com o excesso de formalismo nas celebra\u00e7\u00f5es. A carta sublinha que \u201cuma celebra\u00e7\u00e3o que n\u00e3o evangeliza n\u00e3o \u00e9 aut\u00eantica\u201d, pedindo que se [&hellip;]<\/p>\n","protected":false},"author":1,"featured_media":10658,"comment_status":"open","ping_status":"closed","sticky":false,"template":"","format":"standard","meta":{"ngg_post_thumbnail":0},"categories":[1,4,2,6],"tags":[],"_links":{"self":[{"href":"http:\/\/paroquiagloria.org\/v2\/index.php?rest_route=\/wp\/v2\/posts\/10667"}],"collection":[{"href":"http:\/\/paroquiagloria.org\/v2\/index.php?rest_route=\/wp\/v2\/posts"}],"about":[{"href":"http:\/\/paroquiagloria.org\/v2\/index.php?rest_route=\/wp\/v2\/types\/post"}],"author":[{"embeddable":true,"href":"http:\/\/paroquiagloria.org\/v2\/index.php?rest_route=\/wp\/v2\/users\/1"}],"replies":[{"embeddable":true,"href":"http:\/\/paroquiagloria.org\/v2\/index.php?rest_route=%2Fwp%2Fv2%2Fcomments&post=10667"}],"version-history":[{"count":1,"href":"http:\/\/paroquiagloria.org\/v2\/index.php?rest_route=\/wp\/v2\/posts\/10667\/revisions"}],"predecessor-version":[{"id":10668,"href":"http:\/\/paroquiagloria.org\/v2\/index.php?rest_route=\/wp\/v2\/posts\/10667\/revisions\/10668"}],"wp:featuredmedia":[{"embeddable":true,"href":"http:\/\/paroquiagloria.org\/v2\/index.php?rest_route=\/wp\/v2\/media\/10658"}],"wp:attachment":[{"href":"http:\/\/paroquiagloria.org\/v2\/index.php?rest_route=%2Fwp%2Fv2%2Fmedia&parent=10667"}],"wp:term":[{"taxonomy":"category","embeddable":true,"href":"http:\/\/paroquiagloria.org\/v2\/index.php?rest_route=%2Fwp%2Fv2%2Fcategories&post=10667"},{"taxonomy":"post_tag","embeddable":true,"href":"http:\/\/paroquiagloria.org\/v2\/index.php?rest_route=%2Fwp%2Fv2%2Ftags&post=10667"}],"curies":[{"name":"wp","href":"https:\/\/api.w.org\/{rel}","templated":true}]}}