{"id":10663,"date":"2022-07-02T18:57:24","date_gmt":"2022-07-02T18:57:24","guid":{"rendered":"http:\/\/paroquiagloria.org\/v2\/?p=10663"},"modified":"2022-07-02T18:57:25","modified_gmt":"2022-07-02T18:57:25","slug":"retiro-diocesano-de-doentes-em-fatima","status":"publish","type":"post","link":"http:\/\/paroquiagloria.org\/v2\/?p=10663","title":{"rendered":"Retiro Diocesano de Doentes, em F\u00e1tima"},"content":{"rendered":"\n<div class=\"wp-block-image\"><figure class=\"aligncenter size-large\"><a href=\"http:\/\/paroquiagloria.org\/v2\/wp-content\/uploads\/2022\/07\/SantuarioFatima.jpg\"><img loading=\"lazy\" width=\"1024\" height=\"683\" src=\"http:\/\/paroquiagloria.org\/v2\/wp-content\/uploads\/2022\/07\/SantuarioFatima-1024x683.jpg\" alt=\"\" class=\"wp-image-10661\" srcset=\"http:\/\/paroquiagloria.org\/v2\/wp-content\/uploads\/2022\/07\/SantuarioFatima-1024x683.jpg 1024w, http:\/\/paroquiagloria.org\/v2\/wp-content\/uploads\/2022\/07\/SantuarioFatima-300x200.jpg 300w, http:\/\/paroquiagloria.org\/v2\/wp-content\/uploads\/2022\/07\/SantuarioFatima-768x512.jpg 768w, http:\/\/paroquiagloria.org\/v2\/wp-content\/uploads\/2022\/07\/SantuarioFatima-1536x1024.jpg 1536w, http:\/\/paroquiagloria.org\/v2\/wp-content\/uploads\/2022\/07\/SantuarioFatima-140x94.jpg 140w, http:\/\/paroquiagloria.org\/v2\/wp-content\/uploads\/2022\/07\/SantuarioFatima.jpg 2048w\" sizes=\"(max-width: 1024px) 100vw, 1024px\" \/><\/a><\/figure><\/div>\n\n\n\n<p>O Retiro Diocesano de Doentes este ano realiza-se nos pr\u00f3ximos dias 8 a 11 do m\u00eas de setembro de 2022. Os doentes interessados dever\u00e3o contactar os respons\u00e1veis diocesanos atrav\u00e9s dos seguintes n\u00fameros de telem\u00f3veis: 962 773 600 ou 965 416 764.<br>As inscri\u00e7\u00f5es poder\u00e3o ser feitas at\u00e9 31 de julho. O valor da inscri\u00e7\u00e3o \u00e9 de 30 euros (<span style=\"text-decoration: underline;\">inclui<\/span>: transporte em autocarro, alimenta\u00e7\u00e3o [lanche e jantar do dia 8, pens\u00e3o completa nos dias 9 e 10, pequeno-almo\u00e7o e almo\u00e7o no dia 11]).<\/p>\n\n\n\n<p><\/p>\n","protected":false},"excerpt":{"rendered":"<p>O Retiro Diocesano de Doentes este ano realiza-se nos pr\u00f3ximos dias 8 a 11 do m\u00eas de setembro de 2022. Os doentes interessados dever\u00e3o contactar os respons\u00e1veis diocesanos atrav\u00e9s dos seguintes n\u00fameros de telem\u00f3veis: 962 773 600 ou 965 416 764.As inscri\u00e7\u00f5es poder\u00e3o ser feitas at\u00e9 31 de julho. O valor da inscri\u00e7\u00e3o \u00e9 de [&hellip;]<\/p>\n","protected":false},"author":1,"featured_media":10660,"comment_status":"open","ping_status":"closed","sticky":false,"template":"","format":"standard","meta":{"ngg_post_thumbnail":0},"categories":[1,4,2,6],"tags":[],"_links":{"self":[{"href":"http:\/\/paroquiagloria.org\/v2\/index.php?rest_route=\/wp\/v2\/posts\/10663"}],"collection":[{"href":"http:\/\/paroquiagloria.org\/v2\/index.php?rest_route=\/wp\/v2\/posts"}],"about":[{"href":"http:\/\/paroquiagloria.org\/v2\/index.php?rest_route=\/wp\/v2\/types\/post"}],"author":[{"embeddable":true,"href":"http:\/\/paroquiagloria.org\/v2\/index.php?rest_route=\/wp\/v2\/users\/1"}],"replies":[{"embeddable":true,"href":"http:\/\/paroquiagloria.org\/v2\/index.php?rest_route=%2Fwp%2Fv2%2Fcomments&post=10663"}],"version-history":[{"count":1,"href":"http:\/\/paroquiagloria.org\/v2\/index.php?rest_route=\/wp\/v2\/posts\/10663\/revisions"}],"predecessor-version":[{"id":10664,"href":"http:\/\/paroquiagloria.org\/v2\/index.php?rest_route=\/wp\/v2\/posts\/10663\/revisions\/10664"}],"wp:featuredmedia":[{"embeddable":true,"href":"http:\/\/paroquiagloria.org\/v2\/index.php?rest_route=\/wp\/v2\/media\/10660"}],"wp:attachment":[{"href":"http:\/\/paroquiagloria.org\/v2\/index.php?rest_route=%2Fwp%2Fv2%2Fmedia&parent=10663"}],"wp:term":[{"taxonomy":"category","embeddable":true,"href":"http:\/\/paroquiagloria.org\/v2\/index.php?rest_route=%2Fwp%2Fv2%2Fcategories&post=10663"},{"taxonomy":"post_tag","embeddable":true,"href":"http:\/\/paroquiagloria.org\/v2\/index.php?rest_route=%2Fwp%2Fv2%2Ftags&post=10663"}],"curies":[{"name":"wp","href":"https:\/\/api.w.org\/{rel}","templated":true}]}}