{"id":10646,"date":"2022-06-25T20:13:10","date_gmt":"2022-06-25T20:13:10","guid":{"rendered":"http:\/\/paroquiagloria.org\/v2\/?p=10646"},"modified":"2022-06-25T20:13:12","modified_gmt":"2022-06-25T20:13:12","slug":"assembleia-diocesana-de-familia","status":"publish","type":"post","link":"http:\/\/paroquiagloria.org\/v2\/?p=10646","title":{"rendered":"Assembleia Diocesana de Fam\u00edlia"},"content":{"rendered":"\n<div class=\"wp-block-image\"><figure class=\"aligncenter size-full\"><a href=\"http:\/\/paroquiagloria.org\/v2\/wp-content\/uploads\/2022\/06\/FestaFamilia_cartaz-_05-_-725x1024-1.jpg\"><img loading=\"lazy\" width=\"725\" height=\"1024\" src=\"http:\/\/paroquiagloria.org\/v2\/wp-content\/uploads\/2022\/06\/FestaFamilia_cartaz-_05-_-725x1024-1.jpg\" alt=\"\" class=\"wp-image-10540\" srcset=\"http:\/\/paroquiagloria.org\/v2\/wp-content\/uploads\/2022\/06\/FestaFamilia_cartaz-_05-_-725x1024-1.jpg 725w, http:\/\/paroquiagloria.org\/v2\/wp-content\/uploads\/2022\/06\/FestaFamilia_cartaz-_05-_-725x1024-1-212x300.jpg 212w\" sizes=\"(max-width: 725px) 100vw, 725px\" \/><\/a><\/figure><\/div>\n\n\n\n<p>Decorre este Domingo, dia 26 de junho, no Santu\u00e1rio de Nossa Senhora de Vagos, a Assembleia Diocesana das fam\u00edlias em que al\u00e9m das atividades ao longo de todo o dia, termina com a Eucaristia \u00e0s 16h. Em que os casais que celebram 25, 50, 60 ou 75 anos de matrim\u00f3nio receber\u00e3o um miminho. Ir\u00e3o estar presentes alguns casais da nossa par\u00f3quia.<\/p>\n\n\n\n<p><\/p>\n\n\n\n<p>MAIS INFORMA\u00c7\u00d5ES <a href=\"http:\/\/www.diocese-aveiro.pt\/v2\/?p=22224\" data-type=\"URL\" data-id=\"http:\/\/www.diocese-aveiro.pt\/v2\/?p=22224\" target=\"_blank\" rel=\"noreferrer noopener\">AQUI<\/a><\/p>\n","protected":false},"excerpt":{"rendered":"<p>Decorre este Domingo, dia 26 de junho, no Santu\u00e1rio de Nossa Senhora de Vagos, a Assembleia Diocesana das fam\u00edlias em que al\u00e9m das atividades ao longo de todo o dia, termina com a Eucaristia \u00e0s 16h. Em que os casais que celebram 25, 50, 60 ou 75 anos de matrim\u00f3nio receber\u00e3o um miminho. Ir\u00e3o estar [&hellip;]<\/p>\n","protected":false},"author":1,"featured_media":10544,"comment_status":"open","ping_status":"closed","sticky":false,"template":"","format":"standard","meta":{"ngg_post_thumbnail":0},"categories":[1,4,2,6,24],"tags":[],"_links":{"self":[{"href":"http:\/\/paroquiagloria.org\/v2\/index.php?rest_route=\/wp\/v2\/posts\/10646"}],"collection":[{"href":"http:\/\/paroquiagloria.org\/v2\/index.php?rest_route=\/wp\/v2\/posts"}],"about":[{"href":"http:\/\/paroquiagloria.org\/v2\/index.php?rest_route=\/wp\/v2\/types\/post"}],"author":[{"embeddable":true,"href":"http:\/\/paroquiagloria.org\/v2\/index.php?rest_route=\/wp\/v2\/users\/1"}],"replies":[{"embeddable":true,"href":"http:\/\/paroquiagloria.org\/v2\/index.php?rest_route=%2Fwp%2Fv2%2Fcomments&post=10646"}],"version-history":[{"count":1,"href":"http:\/\/paroquiagloria.org\/v2\/index.php?rest_route=\/wp\/v2\/posts\/10646\/revisions"}],"predecessor-version":[{"id":10647,"href":"http:\/\/paroquiagloria.org\/v2\/index.php?rest_route=\/wp\/v2\/posts\/10646\/revisions\/10647"}],"wp:featuredmedia":[{"embeddable":true,"href":"http:\/\/paroquiagloria.org\/v2\/index.php?rest_route=\/wp\/v2\/media\/10544"}],"wp:attachment":[{"href":"http:\/\/paroquiagloria.org\/v2\/index.php?rest_route=%2Fwp%2Fv2%2Fmedia&parent=10646"}],"wp:term":[{"taxonomy":"category","embeddable":true,"href":"http:\/\/paroquiagloria.org\/v2\/index.php?rest_route=%2Fwp%2Fv2%2Fcategories&post=10646"},{"taxonomy":"post_tag","embeddable":true,"href":"http:\/\/paroquiagloria.org\/v2\/index.php?rest_route=%2Fwp%2Fv2%2Ftags&post=10646"}],"curies":[{"name":"wp","href":"https:\/\/api.w.org\/{rel}","templated":true}]}}