{"id":10644,"date":"2022-06-25T20:10:56","date_gmt":"2022-06-25T20:10:56","guid":{"rendered":"http:\/\/paroquiagloria.org\/v2\/?p=10644"},"modified":"2022-06-25T20:10:57","modified_gmt":"2022-06-25T20:10:57","slug":"dia-da-comunidade-paroquial-4","status":"publish","type":"post","link":"http:\/\/paroquiagloria.org\/v2\/?p=10644","title":{"rendered":"Dia da Comunidade Paroquial"},"content":{"rendered":"\n<div class=\"wp-block-image\"><figure class=\"aligncenter size-full\"><a href=\"http:\/\/paroquiagloria.org\/v2\/wp-content\/uploads\/2016\/04\/paroquia.jpg\"><img loading=\"lazy\" width=\"960\" height=\"450\" src=\"http:\/\/paroquiagloria.org\/v2\/wp-content\/uploads\/2016\/04\/paroquia.jpg\" alt=\"\" class=\"wp-image-4310\" srcset=\"http:\/\/paroquiagloria.org\/v2\/wp-content\/uploads\/2016\/04\/paroquia.jpg 960w, http:\/\/paroquiagloria.org\/v2\/wp-content\/uploads\/2016\/04\/paroquia-300x141.jpg 300w\" sizes=\"(max-width: 960px) 100vw, 960px\" \/><\/a><\/figure><\/div>\n\n\n\n<p>Apesar da chuva que pela manh\u00e3 cedo se fazia sentir, no \u00faltimo Domingo, dia 19 de junho, muitos foram aqueles que quiseram viver um dia em comunidade diferente. O ponto de encontro anunciado era o coreto do parque Infante D. Pedro, pelas 9.30h, para conhecermos melhor as Jornadas Mundiais da Juventude atrav\u00e9s de alguns locais da nossa par\u00f3quia e que est\u00e3o t\u00e3o ligados a este evento que vai acontecer em agosto de 2023. A Capela de Santiago, o Museu de Aveiro, a Capela dos Santos M\u00e1rtires no Alboi e o pr\u00f3prio parque foram o ambiente para aprofundarmos e conhecermos melhor um dos patronos (S. Joana Princesa) e alguns dos elementos que ajudam a conhecer melhor as JMJ. Esta primeira parte deu tamb\u00e9m o mote para a Eucaristia (tamb\u00e9m celebrada no parque), em que foram apresentados alguns elementos da equipa respons\u00e1vel pelas JMJ na Par\u00f3quia (COP- Comit\u00e9 Organizador Paroquial) e iniciar este caminho at\u00e9 agosto de 2023.<br>Durante a Eucaristia foram tamb\u00e9m apresentados os tr\u00eas jovens da nossa par\u00f3quia que no final deste m\u00eas de junho v\u00e3o partir para dois meses em miss\u00e3o para Huambo (Angola).<\/p>\n","protected":false},"excerpt":{"rendered":"<p>Apesar da chuva que pela manh\u00e3 cedo se fazia sentir, no \u00faltimo Domingo, dia 19 de junho, muitos foram aqueles que quiseram viver um dia em comunidade diferente. O ponto de encontro anunciado era o coreto do parque Infante D. Pedro, pelas 9.30h, para conhecermos melhor as Jornadas Mundiais da Juventude atrav\u00e9s de alguns locais [&hellip;]<\/p>\n","protected":false},"author":1,"featured_media":4310,"comment_status":"open","ping_status":"closed","sticky":false,"template":"","format":"standard","meta":{"ngg_post_thumbnail":0},"categories":[1,4,2,6,24],"tags":[],"_links":{"self":[{"href":"http:\/\/paroquiagloria.org\/v2\/index.php?rest_route=\/wp\/v2\/posts\/10644"}],"collection":[{"href":"http:\/\/paroquiagloria.org\/v2\/index.php?rest_route=\/wp\/v2\/posts"}],"about":[{"href":"http:\/\/paroquiagloria.org\/v2\/index.php?rest_route=\/wp\/v2\/types\/post"}],"author":[{"embeddable":true,"href":"http:\/\/paroquiagloria.org\/v2\/index.php?rest_route=\/wp\/v2\/users\/1"}],"replies":[{"embeddable":true,"href":"http:\/\/paroquiagloria.org\/v2\/index.php?rest_route=%2Fwp%2Fv2%2Fcomments&post=10644"}],"version-history":[{"count":1,"href":"http:\/\/paroquiagloria.org\/v2\/index.php?rest_route=\/wp\/v2\/posts\/10644\/revisions"}],"predecessor-version":[{"id":10645,"href":"http:\/\/paroquiagloria.org\/v2\/index.php?rest_route=\/wp\/v2\/posts\/10644\/revisions\/10645"}],"wp:featuredmedia":[{"embeddable":true,"href":"http:\/\/paroquiagloria.org\/v2\/index.php?rest_route=\/wp\/v2\/media\/4310"}],"wp:attachment":[{"href":"http:\/\/paroquiagloria.org\/v2\/index.php?rest_route=%2Fwp%2Fv2%2Fmedia&parent=10644"}],"wp:term":[{"taxonomy":"category","embeddable":true,"href":"http:\/\/paroquiagloria.org\/v2\/index.php?rest_route=%2Fwp%2Fv2%2Fcategories&post=10644"},{"taxonomy":"post_tag","embeddable":true,"href":"http:\/\/paroquiagloria.org\/v2\/index.php?rest_route=%2Fwp%2Fv2%2Ftags&post=10644"}],"curies":[{"name":"wp","href":"https:\/\/api.w.org\/{rel}","templated":true}]}}