{"id":10629,"date":"2022-06-18T18:40:17","date_gmt":"2022-06-18T18:40:17","guid":{"rendered":"http:\/\/paroquiagloria.org\/v2\/?p=10629"},"modified":"2022-06-18T18:40:45","modified_gmt":"2022-06-18T18:40:45","slug":"programa-da-semana-da-familia","status":"publish","type":"post","link":"http:\/\/paroquiagloria.org\/v2\/?p=10629","title":{"rendered":"Programa da Semana da Fam\u00edlia"},"content":{"rendered":"\n<div class=\"wp-block-image\"><figure class=\"aligncenter size-large\"><a href=\"http:\/\/paroquiagloria.org\/v2\/wp-content\/uploads\/2022\/06\/SemanaFamiliaAveiro-_low.jpg\"><img loading=\"lazy\" width=\"724\" height=\"1024\" src=\"http:\/\/paroquiagloria.org\/v2\/wp-content\/uploads\/2022\/06\/SemanaFamiliaAveiro-_low-724x1024.jpg\" alt=\"\" class=\"wp-image-10612\" srcset=\"http:\/\/paroquiagloria.org\/v2\/wp-content\/uploads\/2022\/06\/SemanaFamiliaAveiro-_low-724x1024.jpg 724w, http:\/\/paroquiagloria.org\/v2\/wp-content\/uploads\/2022\/06\/SemanaFamiliaAveiro-_low-212x300.jpg 212w, http:\/\/paroquiagloria.org\/v2\/wp-content\/uploads\/2022\/06\/SemanaFamiliaAveiro-_low-768x1086.jpg 768w, http:\/\/paroquiagloria.org\/v2\/wp-content\/uploads\/2022\/06\/SemanaFamiliaAveiro-_low.jpg 960w\" sizes=\"(max-width: 724px) 100vw, 724px\" \/><\/a><\/figure><\/div>\n\n\n\n<p>S\u00e3o v\u00e1rias as iniciativas que no nosso arciprestado de Aveiro v\u00e3o acompanhar o ritmo do Encontro Mundial das Fam\u00edlias (de 22 a 26 de junho)<\/p>\n\n\n\n<p><span style=\"text-decoration: underline;\">Destacam-se<\/span>:<\/p>\n\n\n\n<p><\/p>\n\n\n\n<ul><li>dia 21 Conversas de caf\u00e9, com o Prof. Ant\u00f3nio Bag\u00e3o F\u00e9lix, no centro Paroquail de Esgueira;<\/li><li>dia 23 Orar em fam\u00edlia, Igreja de S. Bernardo;<\/li><li>dia 24 Cinema em fam\u00edlia, Sal\u00e3o da Vera Cruz;<\/li><li>dia 25 Caminha com Deus, peregrina\u00e7\u00e3o ao Santu\u00e1rio de Nossa Senhora de Vagos (a n\u00edvel paroquial)<ul><li>prepara\u00e7\u00e3o para o matrim\u00f3nio (noivos inscritos), na Par\u00f3quia da Gl\u00f3ria.<\/li><\/ul><\/li><li>dia 26 Festa da Fam\u00edlia, a n\u00edvel diocesano, Santu\u00e1rio de Nossa Senhora de Vagos<\/li><\/ul>\n","protected":false},"excerpt":{"rendered":"<p>S\u00e3o v\u00e1rias as iniciativas que no nosso arciprestado de Aveiro v\u00e3o acompanhar o ritmo do Encontro Mundial das Fam\u00edlias (de 22 a 26 de junho) Destacam-se: dia 21 Conversas de caf\u00e9, com o Prof. Ant\u00f3nio Bag\u00e3o F\u00e9lix, no centro Paroquail de Esgueira; dia 23 Orar em fam\u00edlia, Igreja de S. Bernardo; dia 24 Cinema em [&hellip;]<\/p>\n","protected":false},"author":1,"featured_media":10611,"comment_status":"open","ping_status":"closed","sticky":false,"template":"","format":"standard","meta":{"ngg_post_thumbnail":0},"categories":[1,4,2,6],"tags":[],"_links":{"self":[{"href":"http:\/\/paroquiagloria.org\/v2\/index.php?rest_route=\/wp\/v2\/posts\/10629"}],"collection":[{"href":"http:\/\/paroquiagloria.org\/v2\/index.php?rest_route=\/wp\/v2\/posts"}],"about":[{"href":"http:\/\/paroquiagloria.org\/v2\/index.php?rest_route=\/wp\/v2\/types\/post"}],"author":[{"embeddable":true,"href":"http:\/\/paroquiagloria.org\/v2\/index.php?rest_route=\/wp\/v2\/users\/1"}],"replies":[{"embeddable":true,"href":"http:\/\/paroquiagloria.org\/v2\/index.php?rest_route=%2Fwp%2Fv2%2Fcomments&post=10629"}],"version-history":[{"count":2,"href":"http:\/\/paroquiagloria.org\/v2\/index.php?rest_route=\/wp\/v2\/posts\/10629\/revisions"}],"predecessor-version":[{"id":10631,"href":"http:\/\/paroquiagloria.org\/v2\/index.php?rest_route=\/wp\/v2\/posts\/10629\/revisions\/10631"}],"wp:featuredmedia":[{"embeddable":true,"href":"http:\/\/paroquiagloria.org\/v2\/index.php?rest_route=\/wp\/v2\/media\/10611"}],"wp:attachment":[{"href":"http:\/\/paroquiagloria.org\/v2\/index.php?rest_route=%2Fwp%2Fv2%2Fmedia&parent=10629"}],"wp:term":[{"taxonomy":"category","embeddable":true,"href":"http:\/\/paroquiagloria.org\/v2\/index.php?rest_route=%2Fwp%2Fv2%2Fcategories&post=10629"},{"taxonomy":"post_tag","embeddable":true,"href":"http:\/\/paroquiagloria.org\/v2\/index.php?rest_route=%2Fwp%2Fv2%2Ftags&post=10629"}],"curies":[{"name":"wp","href":"https:\/\/api.w.org\/{rel}","templated":true}]}}