{"id":10623,"date":"2022-06-18T18:27:14","date_gmt":"2022-06-18T18:27:14","guid":{"rendered":"http:\/\/paroquiagloria.org\/v2\/?p=10623"},"modified":"2022-06-18T18:27:16","modified_gmt":"2022-06-18T18:27:16","slug":"sinodo-sintese-diocesana-de-aveiro","status":"publish","type":"post","link":"http:\/\/paroquiagloria.org\/v2\/?p=10623","title":{"rendered":"S\u00cdNODO: S\u00edntese diocesana de Aveiro"},"content":{"rendered":"\n<div class=\"wp-block-image\"><figure class=\"aligncenter size-full\"><a href=\"http:\/\/paroquiagloria.org\/v2\/wp-content\/uploads\/2022\/02\/small_caminhada-sinodal-cartaz.jpg\"><img loading=\"lazy\" width=\"960\" height=\"899\" src=\"http:\/\/paroquiagloria.org\/v2\/wp-content\/uploads\/2022\/02\/small_caminhada-sinodal-cartaz.jpg\" alt=\"\" class=\"wp-image-10133\" srcset=\"http:\/\/paroquiagloria.org\/v2\/wp-content\/uploads\/2022\/02\/small_caminhada-sinodal-cartaz.jpg 960w, http:\/\/paroquiagloria.org\/v2\/wp-content\/uploads\/2022\/02\/small_caminhada-sinodal-cartaz-300x281.jpg 300w, http:\/\/paroquiagloria.org\/v2\/wp-content\/uploads\/2022\/02\/small_caminhada-sinodal-cartaz-768x719.jpg 768w\" sizes=\"(max-width: 960px) 100vw, 960px\" \/><\/a><\/figure><\/div>\n\n\n\n<p>Depois da reflex\u00e3o feita em cada uma das par\u00f3quias quer nos diversos grupos ou individualmente, dentro e fora da Igreja, est\u00e1 agora dispon\u00edvel a s\u00edntese diocesana que ser\u00e1 remetida para a Confer\u00eancia Episcopal e posteriormente chegar\u00e1 a Roma.<br>Poder\u00e1 encontrar o documento no site da <a rel=\"noreferrer noopener\" href=\"http:\/\/www.diocese-aveiro.pt\/v2\/?p=22247\" data-type=\"URL\" data-id=\"http:\/\/www.diocese-aveiro.pt\/v2\/?p=22247\" target=\"_blank\">Diocese de Aveiro<\/a> <\/p>\n","protected":false},"excerpt":{"rendered":"<p>Depois da reflex\u00e3o feita em cada uma das par\u00f3quias quer nos diversos grupos ou individualmente, dentro e fora da Igreja, est\u00e1 agora dispon\u00edvel a s\u00edntese diocesana que ser\u00e1 remetida para a Confer\u00eancia Episcopal e posteriormente chegar\u00e1 a Roma.Poder\u00e1 encontrar o documento no site da Diocese de Aveiro<\/p>\n","protected":false},"author":1,"featured_media":9924,"comment_status":"open","ping_status":"closed","sticky":false,"template":"","format":"standard","meta":{"ngg_post_thumbnail":0},"categories":[1,4,2,6,24],"tags":[],"_links":{"self":[{"href":"http:\/\/paroquiagloria.org\/v2\/index.php?rest_route=\/wp\/v2\/posts\/10623"}],"collection":[{"href":"http:\/\/paroquiagloria.org\/v2\/index.php?rest_route=\/wp\/v2\/posts"}],"about":[{"href":"http:\/\/paroquiagloria.org\/v2\/index.php?rest_route=\/wp\/v2\/types\/post"}],"author":[{"embeddable":true,"href":"http:\/\/paroquiagloria.org\/v2\/index.php?rest_route=\/wp\/v2\/users\/1"}],"replies":[{"embeddable":true,"href":"http:\/\/paroquiagloria.org\/v2\/index.php?rest_route=%2Fwp%2Fv2%2Fcomments&post=10623"}],"version-history":[{"count":1,"href":"http:\/\/paroquiagloria.org\/v2\/index.php?rest_route=\/wp\/v2\/posts\/10623\/revisions"}],"predecessor-version":[{"id":10624,"href":"http:\/\/paroquiagloria.org\/v2\/index.php?rest_route=\/wp\/v2\/posts\/10623\/revisions\/10624"}],"wp:featuredmedia":[{"embeddable":true,"href":"http:\/\/paroquiagloria.org\/v2\/index.php?rest_route=\/wp\/v2\/media\/9924"}],"wp:attachment":[{"href":"http:\/\/paroquiagloria.org\/v2\/index.php?rest_route=%2Fwp%2Fv2%2Fmedia&parent=10623"}],"wp:term":[{"taxonomy":"category","embeddable":true,"href":"http:\/\/paroquiagloria.org\/v2\/index.php?rest_route=%2Fwp%2Fv2%2Fcategories&post=10623"},{"taxonomy":"post_tag","embeddable":true,"href":"http:\/\/paroquiagloria.org\/v2\/index.php?rest_route=%2Fwp%2Fv2%2Ftags&post=10623"}],"curies":[{"name":"wp","href":"https:\/\/api.w.org\/{rel}","templated":true}]}}