{"id":10604,"date":"2022-06-11T20:04:46","date_gmt":"2022-06-11T20:04:46","guid":{"rendered":"http:\/\/paroquiagloria.org\/v2\/?p=10604"},"modified":"2022-06-11T20:04:47","modified_gmt":"2022-06-11T20:04:47","slug":"solenidade-do-corpo-de-deus-16-junho2022","status":"publish","type":"post","link":"http:\/\/paroquiagloria.org\/v2\/?p=10604","title":{"rendered":"Solenidade do Corpo de Deus &#8211; 16.junho&#8217;2022"},"content":{"rendered":"\n<div class=\"wp-block-image\"><figure class=\"aligncenter size-full\"><a href=\"http:\/\/paroquiagloria.org\/v2\/wp-content\/uploads\/2014\/05\/corpodedeus.jpg\"><img loading=\"lazy\" width=\"960\" height=\"679\" src=\"http:\/\/paroquiagloria.org\/v2\/wp-content\/uploads\/2014\/05\/corpodedeus.jpg\" alt=\"\" class=\"wp-image-2328\" srcset=\"http:\/\/paroquiagloria.org\/v2\/wp-content\/uploads\/2014\/05\/corpodedeus.jpg 960w, http:\/\/paroquiagloria.org\/v2\/wp-content\/uploads\/2014\/05\/corpodedeus-300x212.jpg 300w\" sizes=\"(max-width: 960px) 100vw, 960px\" \/><\/a><\/figure><\/div>\n\n\n\n<p><\/p>\n\n\n\n<p>A Festa do Corpo de Deus \u00e9 um momento forte na vida espiritual da Igreja e de cada crente, celebrando a forma eucar\u00edstica de presen\u00e7a de Jesus. Este ano o arciprestado voltar\u00e1 a reunir-se para celebrar em conjunto, sendo todos os grupos e crist\u00e3os convocados para a <strong>eucaristia (16h) na S\u00e9 de Aveiro e, imediatamente a seguir, a prociss\u00e3o eucar\u00edstica que termina na Igreja da Senhora da Apresenta\u00e7\u00e3o da Vera-Cruz.<\/strong><\/p>\n\n\n\n<p>Haver\u00e1 <strong><span style=\"text-decoration: underline;\">ensaios conjuntos<\/span><\/strong> para preparar a Festa que ser\u00e3o:<\/p>\n\n\n\n<figure class=\"wp-block-table\"><table><tbody><tr><td><strong>dia 13 de Junho, \u00e0s 21h<\/strong><\/td><td>na Igreja Matriz de S. Pedro de Aradas<\/td><\/tr><tr><td><strong>dia 16 de Junho, \u00e0s 15h<\/strong><\/td><td>na Igreja Catedral, antes da celebra\u00e7\u00e3o<\/td><\/tr><\/tbody><\/table><\/figure>\n\n\n\n<p>Encontrar\u00e3o o <strong><span style=\"text-decoration: underline;\">programa <\/span><\/strong>e todas as <strong><span style=\"text-decoration: underline;\">partituras <\/span><\/strong>na \u00e1rea de &#8220;<a rel=\"noreferrer noopener\" href=\"http:\/\/paroquiagloria.org\/v2\/?page_id=274\" data-type=\"URL\" data-id=\"http:\/\/paroquiagloria.org\/v2\/?page_id=274\" target=\"_blank\"><strong>Multim\u00e9dia &#8211; C\u00e2nticos<\/strong><\/a>&#8221; da p\u00e1gina da Par\u00f3quia. Quem participar nos ensaios e no coro da Celebra\u00e7\u00e3o ter\u00e1 que levar as suas partituras<\/p>\n\n\n\n<p>No dia, o programa arciprestal ser\u00e1 o seguinte:<\/p>\n\n\n\n<p><strong>16h00 &#8211;<\/strong> Missa, na S\u00e9;<br>Depois da Missa, a Prociss\u00e3o Eucar\u00edstica segue at\u00e9 \u00e0 Igreja da Vera Cruz.<\/p>\n\n\n\n<p><\/p>\n","protected":false},"excerpt":{"rendered":"<p>A Festa do Corpo de Deus \u00e9 um momento forte na vida espiritual da Igreja e de cada crente, celebrando a forma eucar\u00edstica de presen\u00e7a de Jesus. Este ano o arciprestado voltar\u00e1 a reunir-se para celebrar em conjunto, sendo todos os grupos e crist\u00e3os convocados para a eucaristia (16h) na S\u00e9 de Aveiro e, imediatamente [&hellip;]<\/p>\n","protected":false},"author":1,"featured_media":10605,"comment_status":"open","ping_status":"closed","sticky":false,"template":"","format":"standard","meta":{"ngg_post_thumbnail":0},"categories":[1,4,2,6,24],"tags":[],"_links":{"self":[{"href":"http:\/\/paroquiagloria.org\/v2\/index.php?rest_route=\/wp\/v2\/posts\/10604"}],"collection":[{"href":"http:\/\/paroquiagloria.org\/v2\/index.php?rest_route=\/wp\/v2\/posts"}],"about":[{"href":"http:\/\/paroquiagloria.org\/v2\/index.php?rest_route=\/wp\/v2\/types\/post"}],"author":[{"embeddable":true,"href":"http:\/\/paroquiagloria.org\/v2\/index.php?rest_route=\/wp\/v2\/users\/1"}],"replies":[{"embeddable":true,"href":"http:\/\/paroquiagloria.org\/v2\/index.php?rest_route=%2Fwp%2Fv2%2Fcomments&post=10604"}],"version-history":[{"count":1,"href":"http:\/\/paroquiagloria.org\/v2\/index.php?rest_route=\/wp\/v2\/posts\/10604\/revisions"}],"predecessor-version":[{"id":10606,"href":"http:\/\/paroquiagloria.org\/v2\/index.php?rest_route=\/wp\/v2\/posts\/10604\/revisions\/10606"}],"wp:featuredmedia":[{"embeddable":true,"href":"http:\/\/paroquiagloria.org\/v2\/index.php?rest_route=\/wp\/v2\/media\/10605"}],"wp:attachment":[{"href":"http:\/\/paroquiagloria.org\/v2\/index.php?rest_route=%2Fwp%2Fv2%2Fmedia&parent=10604"}],"wp:term":[{"taxonomy":"category","embeddable":true,"href":"http:\/\/paroquiagloria.org\/v2\/index.php?rest_route=%2Fwp%2Fv2%2Fcategories&post=10604"},{"taxonomy":"post_tag","embeddable":true,"href":"http:\/\/paroquiagloria.org\/v2\/index.php?rest_route=%2Fwp%2Fv2%2Ftags&post=10604"}],"curies":[{"name":"wp","href":"https:\/\/api.w.org\/{rel}","templated":true}]}}