{"id":10601,"date":"2022-06-11T19:55:26","date_gmt":"2022-06-11T19:55:26","guid":{"rendered":"http:\/\/paroquiagloria.org\/v2\/?p=10601"},"modified":"2022-06-11T19:56:07","modified_gmt":"2022-06-11T19:56:07","slug":"dia-da-comunidade-paroquial-19-junho2022","status":"publish","type":"post","link":"http:\/\/paroquiagloria.org\/v2\/?p=10601","title":{"rendered":"Dia da Comunidade Paroquial &#8211; 19.Junho&#8217;2022"},"content":{"rendered":"\n<figure class=\"wp-block-image size-full\"><a href=\"http:\/\/paroquiagloria.org\/v2\/wp-content\/uploads\/2014\/05\/comunidade.jpg\"><img loading=\"lazy\" width=\"960\" height=\"496\" src=\"http:\/\/paroquiagloria.org\/v2\/wp-content\/uploads\/2014\/05\/comunidade.jpg\" alt=\"\" class=\"wp-image-2293\" srcset=\"http:\/\/paroquiagloria.org\/v2\/wp-content\/uploads\/2014\/05\/comunidade.jpg 960w, http:\/\/paroquiagloria.org\/v2\/wp-content\/uploads\/2014\/05\/comunidade-300x155.jpg 300w\" sizes=\"(max-width: 960px) 100vw, 960px\" \/><\/a><\/figure>\n\n\n\n<p>Este ano voltamos a estar reunidos para festejar o <strong>Dia da Comunidade Paroquial que ser\u00e1 no dia 19 de junho; inicia pelas 9.30h<\/strong>, com algumas atividades e culmina com a Eucaristia \u00e0s 12h. Aqueles que desejarem <strong><em><span style=\"text-decoration: underline;\">poder\u00e3o tamb\u00e9m almo\u00e7ar<\/span><\/em><\/strong> (o que levarem). O Encontro da Comunidade ser\u00e1 no Parque Municipal, junto ao coreto. <strong><em><span style=\"text-decoration: underline;\">Devem levar banco ou cadeira port\u00e1til, uma vez que n\u00e3o haver\u00e1 lugares sentados suficientes<\/span><\/em><\/strong>.<\/p>\n\n\n\n<p><strong>9h30 &#8211;<\/strong> Encontro junto do coreto no Parque;<br>          &#8211; Jogo de pistas JMJ;<br><strong>12h00 &#8211; <\/strong>Eucaristia com a apresenta\u00e7\u00e3o do COP (Comit\u00e9 Organizador Paroquial) das JMJ 2023; Haver\u00e1 banquinhas com materiais das JMJ e inscri\u00e7\u00f5es para as fam\u00edlias de acolhimento.<\/p>\n","protected":false},"excerpt":{"rendered":"<p>Este ano voltamos a estar reunidos para festejar o Dia da Comunidade Paroquial que ser\u00e1 no dia 19 de junho; inicia pelas 9.30h, com algumas atividades e culmina com a Eucaristia \u00e0s 12h. Aqueles que desejarem poder\u00e3o tamb\u00e9m almo\u00e7ar (o que levarem). O Encontro da Comunidade ser\u00e1 no Parque Municipal, junto ao coreto. Devem levar [&hellip;]<\/p>\n","protected":false},"author":1,"featured_media":4310,"comment_status":"open","ping_status":"closed","sticky":false,"template":"","format":"standard","meta":{"ngg_post_thumbnail":0},"categories":[1,4,2,6,24],"tags":[],"_links":{"self":[{"href":"http:\/\/paroquiagloria.org\/v2\/index.php?rest_route=\/wp\/v2\/posts\/10601"}],"collection":[{"href":"http:\/\/paroquiagloria.org\/v2\/index.php?rest_route=\/wp\/v2\/posts"}],"about":[{"href":"http:\/\/paroquiagloria.org\/v2\/index.php?rest_route=\/wp\/v2\/types\/post"}],"author":[{"embeddable":true,"href":"http:\/\/paroquiagloria.org\/v2\/index.php?rest_route=\/wp\/v2\/users\/1"}],"replies":[{"embeddable":true,"href":"http:\/\/paroquiagloria.org\/v2\/index.php?rest_route=%2Fwp%2Fv2%2Fcomments&post=10601"}],"version-history":[{"count":1,"href":"http:\/\/paroquiagloria.org\/v2\/index.php?rest_route=\/wp\/v2\/posts\/10601\/revisions"}],"predecessor-version":[{"id":10602,"href":"http:\/\/paroquiagloria.org\/v2\/index.php?rest_route=\/wp\/v2\/posts\/10601\/revisions\/10602"}],"wp:featuredmedia":[{"embeddable":true,"href":"http:\/\/paroquiagloria.org\/v2\/index.php?rest_route=\/wp\/v2\/media\/4310"}],"wp:attachment":[{"href":"http:\/\/paroquiagloria.org\/v2\/index.php?rest_route=%2Fwp%2Fv2%2Fmedia&parent=10601"}],"wp:term":[{"taxonomy":"category","embeddable":true,"href":"http:\/\/paroquiagloria.org\/v2\/index.php?rest_route=%2Fwp%2Fv2%2Fcategories&post=10601"},{"taxonomy":"post_tag","embeddable":true,"href":"http:\/\/paroquiagloria.org\/v2\/index.php?rest_route=%2Fwp%2Fv2%2Ftags&post=10601"}],"curies":[{"name":"wp","href":"https:\/\/api.w.org\/{rel}","templated":true}]}}