{"id":10596,"date":"2022-06-11T19:50:15","date_gmt":"2022-06-11T19:50:15","guid":{"rendered":"http:\/\/paroquiagloria.org\/v2\/?p=10596"},"modified":"2022-06-11T19:50:16","modified_gmt":"2022-06-11T19:50:16","slug":"peregrinacao-das-criancas-2022","status":"publish","type":"post","link":"http:\/\/paroquiagloria.org\/v2\/?p=10596","title":{"rendered":"Peregrina\u00e7\u00e3o das Crian\u00e7as 2022"},"content":{"rendered":"\n<div class=\"wp-block-image\"><figure class=\"aligncenter size-full\"><a href=\"http:\/\/paroquiagloria.org\/v2\/wp-content\/uploads\/2022\/06\/peregrinacao-criancas-2022.jpg\"><img loading=\"lazy\" width=\"900\" height=\"600\" src=\"http:\/\/paroquiagloria.org\/v2\/wp-content\/uploads\/2022\/06\/peregrinacao-criancas-2022.jpg\" alt=\"\" class=\"wp-image-10588\" srcset=\"http:\/\/paroquiagloria.org\/v2\/wp-content\/uploads\/2022\/06\/peregrinacao-criancas-2022.jpg 900w, http:\/\/paroquiagloria.org\/v2\/wp-content\/uploads\/2022\/06\/peregrinacao-criancas-2022-300x200.jpg 300w, http:\/\/paroquiagloria.org\/v2\/wp-content\/uploads\/2022\/06\/peregrinacao-criancas-2022-768x512.jpg 768w, http:\/\/paroquiagloria.org\/v2\/wp-content\/uploads\/2022\/06\/peregrinacao-criancas-2022-140x94.jpg 140w\" sizes=\"(max-width: 900px) 100vw, 900px\" \/><\/a><\/figure><\/div>\n\n\n\n<p>Decorreu nos dias 9 e 10 de junho a Peregrina\u00e7\u00e3o das Crian\u00e7as 2022, que marca o regresso presencial dos mais novos \u00e0 Cova da Iria, foi presidida pelo bispo de Leiria- F\u00e1tima D. Jos\u00e9 Ornelas.<br>A Peregrina\u00e7\u00e3o das Crian\u00e7as, destinada particularmente aos grupos de catequese, tem o objetivo de \u201cdespertar\u201d os participantes para a mensagem de F\u00e1tima e \u201cdar-lhes a conhecer a vida e a espiritualidade dos Santos Francisco e Jacinta Marto\u201d.<br>A frase \u2018Gostei muito de ver Nosso Senhor\u2019, que d\u00e1 o t\u00edtulo e tema a este encontro anual, \u00e9 de S\u00e3o Francisco Marto.<\/p>\n\n\n\n<p>fonte: <a rel=\"noreferrer noopener\" href=\"https:\/\/agencia.ecclesia.pt\/portal\/events\/fatima-peregrinacao-das-criancas-regressa-ao-santuario\/\" data-type=\"URL\" data-id=\"https:\/\/agencia.ecclesia.pt\/portal\/events\/fatima-peregrinacao-das-criancas-regressa-ao-santuario\/\" target=\"_blank\">ECCLESIA<\/a> e <a href=\"https:\/\/agencia.ecclesia.pt\/portal\/santuario-de-fatima-coragem-e-confianca-dos-pastorinhos-sao-exemplo-para-as-criancas\/\" data-type=\"URL\" data-id=\"https:\/\/agencia.ecclesia.pt\/portal\/santuario-de-fatima-coragem-e-confianca-dos-pastorinhos-sao-exemplo-para-as-criancas\/\" target=\"_blank\" rel=\"noreferrer noopener\">ECCLESIA_10<\/a><\/p>\n","protected":false},"excerpt":{"rendered":"<p>Decorreu nos dias 9 e 10 de junho a Peregrina\u00e7\u00e3o das Crian\u00e7as 2022, que marca o regresso presencial dos mais novos \u00e0 Cova da Iria, foi presidida pelo bispo de Leiria- F\u00e1tima D. Jos\u00e9 Ornelas.A Peregrina\u00e7\u00e3o das Crian\u00e7as, destinada particularmente aos grupos de catequese, tem o objetivo de \u201cdespertar\u201d os participantes para a mensagem de [&hellip;]<\/p>\n","protected":false},"author":1,"featured_media":10589,"comment_status":"open","ping_status":"closed","sticky":false,"template":"","format":"standard","meta":{"ngg_post_thumbnail":0},"categories":[1,4,2,6],"tags":[],"_links":{"self":[{"href":"http:\/\/paroquiagloria.org\/v2\/index.php?rest_route=\/wp\/v2\/posts\/10596"}],"collection":[{"href":"http:\/\/paroquiagloria.org\/v2\/index.php?rest_route=\/wp\/v2\/posts"}],"about":[{"href":"http:\/\/paroquiagloria.org\/v2\/index.php?rest_route=\/wp\/v2\/types\/post"}],"author":[{"embeddable":true,"href":"http:\/\/paroquiagloria.org\/v2\/index.php?rest_route=\/wp\/v2\/users\/1"}],"replies":[{"embeddable":true,"href":"http:\/\/paroquiagloria.org\/v2\/index.php?rest_route=%2Fwp%2Fv2%2Fcomments&post=10596"}],"version-history":[{"count":1,"href":"http:\/\/paroquiagloria.org\/v2\/index.php?rest_route=\/wp\/v2\/posts\/10596\/revisions"}],"predecessor-version":[{"id":10597,"href":"http:\/\/paroquiagloria.org\/v2\/index.php?rest_route=\/wp\/v2\/posts\/10596\/revisions\/10597"}],"wp:featuredmedia":[{"embeddable":true,"href":"http:\/\/paroquiagloria.org\/v2\/index.php?rest_route=\/wp\/v2\/media\/10589"}],"wp:attachment":[{"href":"http:\/\/paroquiagloria.org\/v2\/index.php?rest_route=%2Fwp%2Fv2%2Fmedia&parent=10596"}],"wp:term":[{"taxonomy":"category","embeddable":true,"href":"http:\/\/paroquiagloria.org\/v2\/index.php?rest_route=%2Fwp%2Fv2%2Fcategories&post=10596"},{"taxonomy":"post_tag","embeddable":true,"href":"http:\/\/paroquiagloria.org\/v2\/index.php?rest_route=%2Fwp%2Fv2%2Ftags&post=10596"}],"curies":[{"name":"wp","href":"https:\/\/api.w.org\/{rel}","templated":true}]}}