{"id":10562,"date":"2022-06-04T19:30:34","date_gmt":"2022-06-04T19:30:34","guid":{"rendered":"http:\/\/paroquiagloria.org\/v2\/?p=10562"},"modified":"2022-06-04T19:30:35","modified_gmt":"2022-06-04T19:30:35","slug":"vigilia-pela-protecao-de-toda-a-vida-humana","status":"publish","type":"post","link":"http:\/\/paroquiagloria.org\/v2\/?p=10562","title":{"rendered":"Vig\u00edlia pela prote\u00e7\u00e3o de toda a vida humana"},"content":{"rendered":"\n<div class=\"wp-block-image\"><figure class=\"aligncenter size-large\"><a href=\"http:\/\/paroquiagloria.org\/v2\/wp-content\/uploads\/2022\/06\/ADAV_vigiliacomluz.jpg\"><img loading=\"lazy\" width=\"725\" height=\"1024\" src=\"http:\/\/paroquiagloria.org\/v2\/wp-content\/uploads\/2022\/06\/ADAV_vigiliacomluz-725x1024.jpg\" alt=\"\" class=\"wp-image-10537\" srcset=\"http:\/\/paroquiagloria.org\/v2\/wp-content\/uploads\/2022\/06\/ADAV_vigiliacomluz-725x1024.jpg 725w, http:\/\/paroquiagloria.org\/v2\/wp-content\/uploads\/2022\/06\/ADAV_vigiliacomluz-212x300.jpg 212w, http:\/\/paroquiagloria.org\/v2\/wp-content\/uploads\/2022\/06\/ADAV_vigiliacomluz-768x1085.jpg 768w, http:\/\/paroquiagloria.org\/v2\/wp-content\/uploads\/2022\/06\/ADAV_vigiliacomluz-1087x1536.jpg 1087w, http:\/\/paroquiagloria.org\/v2\/wp-content\/uploads\/2022\/06\/ADAV_vigiliacomluz.jpg 1241w\" sizes=\"(max-width: 725px) 100vw, 725px\" \/><\/a><\/figure><\/div>\n\n\n\n<p>A ADAV e a Federa\u00e7\u00e3o Portuguesa pela Vida promovem no pr\u00f3ximo dia 8 de junho uma Vig\u00edlia \u201ccom luz e sem palavras\u201d na Pra\u00e7a da Rep\u00fablica, em Aveiro, pelas 21.30h. A ADAV convida a juntar o seu sil\u00eancio ao nosso pela prote\u00e7\u00e3o de toda a vida humana contra a legaliza\u00e7\u00e3o da eutan\u00e1sia.<\/p>\n\n\n\n<p><\/p>\n\n\n\n<p><a href=\"https:\/\/www.facebook.com\/ADAV-Aveiro-IPSS-485441161640771\" target=\"_blank\" rel=\"noreferrer noopener\">OUTRAS INFORMA\u00c7\u00d5ES AQUI<\/a><\/p>\n","protected":false},"excerpt":{"rendered":"<p>A ADAV e a Federa\u00e7\u00e3o Portuguesa pela Vida promovem no pr\u00f3ximo dia 8 de junho uma Vig\u00edlia \u201ccom luz e sem palavras\u201d na Pra\u00e7a da Rep\u00fablica, em Aveiro, pelas 21.30h. A ADAV convida a juntar o seu sil\u00eancio ao nosso pela prote\u00e7\u00e3o de toda a vida humana contra a legaliza\u00e7\u00e3o da eutan\u00e1sia. OUTRAS INFORMA\u00c7\u00d5ES AQUI<\/p>\n","protected":false},"author":1,"featured_media":10545,"comment_status":"open","ping_status":"closed","sticky":false,"template":"","format":"standard","meta":{"ngg_post_thumbnail":0},"categories":[1,4,2,6],"tags":[],"_links":{"self":[{"href":"http:\/\/paroquiagloria.org\/v2\/index.php?rest_route=\/wp\/v2\/posts\/10562"}],"collection":[{"href":"http:\/\/paroquiagloria.org\/v2\/index.php?rest_route=\/wp\/v2\/posts"}],"about":[{"href":"http:\/\/paroquiagloria.org\/v2\/index.php?rest_route=\/wp\/v2\/types\/post"}],"author":[{"embeddable":true,"href":"http:\/\/paroquiagloria.org\/v2\/index.php?rest_route=\/wp\/v2\/users\/1"}],"replies":[{"embeddable":true,"href":"http:\/\/paroquiagloria.org\/v2\/index.php?rest_route=%2Fwp%2Fv2%2Fcomments&post=10562"}],"version-history":[{"count":1,"href":"http:\/\/paroquiagloria.org\/v2\/index.php?rest_route=\/wp\/v2\/posts\/10562\/revisions"}],"predecessor-version":[{"id":10563,"href":"http:\/\/paroquiagloria.org\/v2\/index.php?rest_route=\/wp\/v2\/posts\/10562\/revisions\/10563"}],"wp:featuredmedia":[{"embeddable":true,"href":"http:\/\/paroquiagloria.org\/v2\/index.php?rest_route=\/wp\/v2\/media\/10545"}],"wp:attachment":[{"href":"http:\/\/paroquiagloria.org\/v2\/index.php?rest_route=%2Fwp%2Fv2%2Fmedia&parent=10562"}],"wp:term":[{"taxonomy":"category","embeddable":true,"href":"http:\/\/paroquiagloria.org\/v2\/index.php?rest_route=%2Fwp%2Fv2%2Fcategories&post=10562"},{"taxonomy":"post_tag","embeddable":true,"href":"http:\/\/paroquiagloria.org\/v2\/index.php?rest_route=%2Fwp%2Fv2%2Ftags&post=10562"}],"curies":[{"name":"wp","href":"https:\/\/api.w.org\/{rel}","templated":true}]}}