{"id":10560,"date":"2022-06-04T19:28:17","date_gmt":"2022-06-04T19:28:17","guid":{"rendered":"http:\/\/paroquiagloria.org\/v2\/?p=10560"},"modified":"2022-06-04T19:28:18","modified_gmt":"2022-06-04T19:28:18","slug":"dia-da-comunidade-paroquial-3","status":"publish","type":"post","link":"http:\/\/paroquiagloria.org\/v2\/?p=10560","title":{"rendered":"Dia da Comunidade Paroquial"},"content":{"rendered":"\n<div class=\"wp-block-image\"><figure class=\"aligncenter size-full\"><a href=\"http:\/\/paroquiagloria.org\/v2\/wp-content\/uploads\/2014\/05\/comunidade.jpg\"><img loading=\"lazy\" width=\"960\" height=\"496\" src=\"http:\/\/paroquiagloria.org\/v2\/wp-content\/uploads\/2014\/05\/comunidade.jpg\" alt=\"\" class=\"wp-image-2293\" srcset=\"http:\/\/paroquiagloria.org\/v2\/wp-content\/uploads\/2014\/05\/comunidade.jpg 960w, http:\/\/paroquiagloria.org\/v2\/wp-content\/uploads\/2014\/05\/comunidade-300x155.jpg 300w\" sizes=\"(max-width: 960px) 100vw, 960px\" \/><\/a><\/figure><\/div>\n\n\n\n<p>Este ano voltamos a estar reunidos para festejar o Dia da Comunidade Paroquial que ser\u00e1 no dia 19 de junho; inicia pelas 9.30h, com algumas atividades e culmina com a Eucaristia \u00e0s 12h. Aqueles que desejarem poder\u00e3o tamb\u00e9m almo\u00e7ar (o que levarem). O Encontro da Comunidade ser\u00e1 no Parque Municipal, junto ao coreto.<\/p>\n","protected":false},"excerpt":{"rendered":"<p>Este ano voltamos a estar reunidos para festejar o Dia da Comunidade Paroquial que ser\u00e1 no dia 19 de junho; inicia pelas 9.30h, com algumas atividades e culmina com a Eucaristia \u00e0s 12h. Aqueles que desejarem poder\u00e3o tamb\u00e9m almo\u00e7ar (o que levarem). O Encontro da Comunidade ser\u00e1 no Parque Municipal, junto ao coreto.<\/p>\n","protected":false},"author":1,"featured_media":4310,"comment_status":"open","ping_status":"closed","sticky":false,"template":"","format":"standard","meta":{"ngg_post_thumbnail":0},"categories":[1,4,2,6,24],"tags":[],"_links":{"self":[{"href":"http:\/\/paroquiagloria.org\/v2\/index.php?rest_route=\/wp\/v2\/posts\/10560"}],"collection":[{"href":"http:\/\/paroquiagloria.org\/v2\/index.php?rest_route=\/wp\/v2\/posts"}],"about":[{"href":"http:\/\/paroquiagloria.org\/v2\/index.php?rest_route=\/wp\/v2\/types\/post"}],"author":[{"embeddable":true,"href":"http:\/\/paroquiagloria.org\/v2\/index.php?rest_route=\/wp\/v2\/users\/1"}],"replies":[{"embeddable":true,"href":"http:\/\/paroquiagloria.org\/v2\/index.php?rest_route=%2Fwp%2Fv2%2Fcomments&post=10560"}],"version-history":[{"count":1,"href":"http:\/\/paroquiagloria.org\/v2\/index.php?rest_route=\/wp\/v2\/posts\/10560\/revisions"}],"predecessor-version":[{"id":10561,"href":"http:\/\/paroquiagloria.org\/v2\/index.php?rest_route=\/wp\/v2\/posts\/10560\/revisions\/10561"}],"wp:featuredmedia":[{"embeddable":true,"href":"http:\/\/paroquiagloria.org\/v2\/index.php?rest_route=\/wp\/v2\/media\/4310"}],"wp:attachment":[{"href":"http:\/\/paroquiagloria.org\/v2\/index.php?rest_route=%2Fwp%2Fv2%2Fmedia&parent=10560"}],"wp:term":[{"taxonomy":"category","embeddable":true,"href":"http:\/\/paroquiagloria.org\/v2\/index.php?rest_route=%2Fwp%2Fv2%2Fcategories&post=10560"},{"taxonomy":"post_tag","embeddable":true,"href":"http:\/\/paroquiagloria.org\/v2\/index.php?rest_route=%2Fwp%2Fv2%2Ftags&post=10560"}],"curies":[{"name":"wp","href":"https:\/\/api.w.org\/{rel}","templated":true}]}}