{"id":10556,"date":"2022-06-04T19:23:26","date_gmt":"2022-06-04T19:23:26","guid":{"rendered":"http:\/\/paroquiagloria.org\/v2\/?p=10556"},"modified":"2022-06-04T19:25:47","modified_gmt":"2022-06-04T19:25:47","slug":"oficina-paroquial-para-agentes-da-pastoral-2","status":"publish","type":"post","link":"http:\/\/paroquiagloria.org\/v2\/?p=10556","title":{"rendered":"Oficina Paroquial para Agentes da Pastoral"},"content":{"rendered":"\n<div class=\"wp-duotone-rgb1751-ffffff-1 wp-block-image\"><figure class=\"aligncenter size-full\"><a href=\"http:\/\/paroquiagloria.org\/v2\/wp-content\/uploads\/2022\/05\/banner_OficinaOracao_2022.jpg\"><img loading=\"lazy\" width=\"960\" height=\"450\" src=\"http:\/\/paroquiagloria.org\/v2\/wp-content\/uploads\/2022\/05\/banner_OficinaOracao_2022.jpg\" alt=\"\" class=\"wp-image-10440\" srcset=\"http:\/\/paroquiagloria.org\/v2\/wp-content\/uploads\/2022\/05\/banner_OficinaOracao_2022.jpg 960w, http:\/\/paroquiagloria.org\/v2\/wp-content\/uploads\/2022\/05\/banner_OficinaOracao_2022-300x141.jpg 300w, http:\/\/paroquiagloria.org\/v2\/wp-content\/uploads\/2022\/05\/banner_OficinaOracao_2022-768x360.jpg 768w\" sizes=\"(max-width: 960px) 100vw, 960px\" \/><\/a><\/figure><\/div>\n\n\n\n<p><\/p>\n\n\n\n<p>A \u00faltima Oficinal Paroquial deste ano Pastoral vai decorrer no dia 18 de junho, com in\u00edcio pelas 15h, no Centro Paroquial. Lembramos que este \u00e9 o momento privilegiado para a forma\u00e7\u00e3o de todos os agentes da pastoral ao longo deste ano. <strong>Ningu\u00e9m est\u00e1 dispensado.<\/strong><\/p>\n","protected":false},"excerpt":{"rendered":"<p>A \u00faltima Oficinal Paroquial deste ano Pastoral vai decorrer no dia 18 de junho, com in\u00edcio pelas 15h, no Centro Paroquial. Lembramos que este \u00e9 o momento privilegiado para a forma\u00e7\u00e3o de todos os agentes da pastoral ao longo deste ano. Ningu\u00e9m est\u00e1 dispensado.<\/p>\n","protected":false},"author":1,"featured_media":10440,"comment_status":"open","ping_status":"closed","sticky":false,"template":"","format":"standard","meta":{"ngg_post_thumbnail":0},"categories":[1,4,2,6,24],"tags":[],"_links":{"self":[{"href":"http:\/\/paroquiagloria.org\/v2\/index.php?rest_route=\/wp\/v2\/posts\/10556"}],"collection":[{"href":"http:\/\/paroquiagloria.org\/v2\/index.php?rest_route=\/wp\/v2\/posts"}],"about":[{"href":"http:\/\/paroquiagloria.org\/v2\/index.php?rest_route=\/wp\/v2\/types\/post"}],"author":[{"embeddable":true,"href":"http:\/\/paroquiagloria.org\/v2\/index.php?rest_route=\/wp\/v2\/users\/1"}],"replies":[{"embeddable":true,"href":"http:\/\/paroquiagloria.org\/v2\/index.php?rest_route=%2Fwp%2Fv2%2Fcomments&post=10556"}],"version-history":[{"count":2,"href":"http:\/\/paroquiagloria.org\/v2\/index.php?rest_route=\/wp\/v2\/posts\/10556\/revisions"}],"predecessor-version":[{"id":10559,"href":"http:\/\/paroquiagloria.org\/v2\/index.php?rest_route=\/wp\/v2\/posts\/10556\/revisions\/10559"}],"wp:featuredmedia":[{"embeddable":true,"href":"http:\/\/paroquiagloria.org\/v2\/index.php?rest_route=\/wp\/v2\/media\/10440"}],"wp:attachment":[{"href":"http:\/\/paroquiagloria.org\/v2\/index.php?rest_route=%2Fwp%2Fv2%2Fmedia&parent=10556"}],"wp:term":[{"taxonomy":"category","embeddable":true,"href":"http:\/\/paroquiagloria.org\/v2\/index.php?rest_route=%2Fwp%2Fv2%2Fcategories&post=10556"},{"taxonomy":"post_tag","embeddable":true,"href":"http:\/\/paroquiagloria.org\/v2\/index.php?rest_route=%2Fwp%2Fv2%2Ftags&post=10556"}],"curies":[{"name":"wp","href":"https:\/\/api.w.org\/{rel}","templated":true}]}}