{"id":10554,"date":"2022-06-04T19:22:10","date_gmt":"2022-06-04T19:22:10","guid":{"rendered":"http:\/\/paroquiagloria.org\/v2\/?p=10554"},"modified":"2022-06-04T19:22:11","modified_gmt":"2022-06-04T19:22:11","slug":"festa-da-familia","status":"publish","type":"post","link":"http:\/\/paroquiagloria.org\/v2\/?p=10554","title":{"rendered":"Festa da Fam\u00edlia"},"content":{"rendered":"\n<div class=\"wp-block-image\"><figure class=\"aligncenter size-full\"><a href=\"http:\/\/paroquiagloria.org\/v2\/wp-content\/uploads\/2022\/06\/FestaFamilia_cartaz-_05-_-725x1024-1.jpg\"><img loading=\"lazy\" width=\"725\" height=\"1024\" src=\"http:\/\/paroquiagloria.org\/v2\/wp-content\/uploads\/2022\/06\/FestaFamilia_cartaz-_05-_-725x1024-1.jpg\" alt=\"\" class=\"wp-image-10540\" srcset=\"http:\/\/paroquiagloria.org\/v2\/wp-content\/uploads\/2022\/06\/FestaFamilia_cartaz-_05-_-725x1024-1.jpg 725w, http:\/\/paroquiagloria.org\/v2\/wp-content\/uploads\/2022\/06\/FestaFamilia_cartaz-_05-_-725x1024-1-212x300.jpg 212w\" sizes=\"(max-width: 725px) 100vw, 725px\" \/><\/a><\/figure><\/div>\n\n\n\n<p>Tem lugar no pr\u00f3ximo dia 26 de junho, no Santu\u00e1rio de Nossa Senhora de Vagos, a Assembleia diocesana de fam\u00edlias em sintonia com o X Encontro Mundial de Fam\u00edlias a acontecer em Roma. Os casais que celebraram (ou ir\u00e3o celebrar) os seus Jubileus Matrimoniais de 25, 50, 60 e 75 anos de casados no per\u00edodo de 1 de janeiro 2020 at\u00e9 31 de dezembro 2022 s\u00e3o convidados a fazerem a sua inscri\u00e7\u00e3o para reservarem os seus lugares e receberem o diploma com a b\u00ean\u00e7\u00e3o jubilar (e uma pequena recorda\u00e7\u00e3o)<\/p>\n\n\n\n<p><\/p>\n\n\n\n<p>MAIS INFORMA\u00c7\u00d5ES <a href=\"https:\/\/agencia.ecclesia.pt\/portal\/events\/aveiro-diocese-celebra-festa-da-familia-com-jubileus-matrimoniais-e-ligacao-a-roma\/\" data-type=\"URL\" data-id=\"https:\/\/agencia.ecclesia.pt\/portal\/events\/aveiro-diocese-celebra-festa-da-familia-com-jubileus-matrimoniais-e-ligacao-a-roma\/\" target=\"_blank\" rel=\"noreferrer noopener\">AQUI <\/a>E <a href=\"http:\/\/www.diocese-aveiro.pt\/v2\/?p=22224\" data-type=\"URL\" data-id=\"http:\/\/www.diocese-aveiro.pt\/v2\/?p=22224\" target=\"_blank\" rel=\"noreferrer noopener\">AQUI<\/a><\/p>\n","protected":false},"excerpt":{"rendered":"<p>Tem lugar no pr\u00f3ximo dia 26 de junho, no Santu\u00e1rio de Nossa Senhora de Vagos, a Assembleia diocesana de fam\u00edlias em sintonia com o X Encontro Mundial de Fam\u00edlias a acontecer em Roma. Os casais que celebraram (ou ir\u00e3o celebrar) os seus Jubileus Matrimoniais de 25, 50, 60 e 75 anos de casados no per\u00edodo [&hellip;]<\/p>\n","protected":false},"author":1,"featured_media":10544,"comment_status":"open","ping_status":"closed","sticky":false,"template":"","format":"standard","meta":{"ngg_post_thumbnail":0},"categories":[1,4,2,6,24],"tags":[],"_links":{"self":[{"href":"http:\/\/paroquiagloria.org\/v2\/index.php?rest_route=\/wp\/v2\/posts\/10554"}],"collection":[{"href":"http:\/\/paroquiagloria.org\/v2\/index.php?rest_route=\/wp\/v2\/posts"}],"about":[{"href":"http:\/\/paroquiagloria.org\/v2\/index.php?rest_route=\/wp\/v2\/types\/post"}],"author":[{"embeddable":true,"href":"http:\/\/paroquiagloria.org\/v2\/index.php?rest_route=\/wp\/v2\/users\/1"}],"replies":[{"embeddable":true,"href":"http:\/\/paroquiagloria.org\/v2\/index.php?rest_route=%2Fwp%2Fv2%2Fcomments&post=10554"}],"version-history":[{"count":1,"href":"http:\/\/paroquiagloria.org\/v2\/index.php?rest_route=\/wp\/v2\/posts\/10554\/revisions"}],"predecessor-version":[{"id":10555,"href":"http:\/\/paroquiagloria.org\/v2\/index.php?rest_route=\/wp\/v2\/posts\/10554\/revisions\/10555"}],"wp:featuredmedia":[{"embeddable":true,"href":"http:\/\/paroquiagloria.org\/v2\/index.php?rest_route=\/wp\/v2\/media\/10544"}],"wp:attachment":[{"href":"http:\/\/paroquiagloria.org\/v2\/index.php?rest_route=%2Fwp%2Fv2%2Fmedia&parent=10554"}],"wp:term":[{"taxonomy":"category","embeddable":true,"href":"http:\/\/paroquiagloria.org\/v2\/index.php?rest_route=%2Fwp%2Fv2%2Fcategories&post=10554"},{"taxonomy":"post_tag","embeddable":true,"href":"http:\/\/paroquiagloria.org\/v2\/index.php?rest_route=%2Fwp%2Fv2%2Ftags&post=10554"}],"curies":[{"name":"wp","href":"https:\/\/api.w.org\/{rel}","templated":true}]}}