{"id":10552,"date":"2022-06-04T19:19:45","date_gmt":"2022-06-04T19:19:45","guid":{"rendered":"http:\/\/paroquiagloria.org\/v2\/?p=10552"},"modified":"2022-06-04T19:19:47","modified_gmt":"2022-06-04T19:19:47","slug":"iii-encontro-diocesano-de-namorados","status":"publish","type":"post","link":"http:\/\/paroquiagloria.org\/v2\/?p=10552","title":{"rendered":"III Encontro Diocesano de Namorados"},"content":{"rendered":"\n<div class=\"wp-block-image\"><figure class=\"aligncenter size-large\"><a href=\"http:\/\/paroquiagloria.org\/v2\/wp-content\/uploads\/2022\/06\/A3_banner.jpg\"><img loading=\"lazy\" width=\"1024\" height=\"253\" src=\"http:\/\/paroquiagloria.org\/v2\/wp-content\/uploads\/2022\/06\/A3_banner-1024x253.jpg\" alt=\"\" class=\"wp-image-10542\" srcset=\"http:\/\/paroquiagloria.org\/v2\/wp-content\/uploads\/2022\/06\/A3_banner-1024x253.jpg 1024w, http:\/\/paroquiagloria.org\/v2\/wp-content\/uploads\/2022\/06\/A3_banner-300x74.jpg 300w, http:\/\/paroquiagloria.org\/v2\/wp-content\/uploads\/2022\/06\/A3_banner-768x190.jpg 768w, http:\/\/paroquiagloria.org\/v2\/wp-content\/uploads\/2022\/06\/A3_banner-1536x380.jpg 1536w, http:\/\/paroquiagloria.org\/v2\/wp-content\/uploads\/2022\/06\/A3_banner.jpg 1565w\" sizes=\"(max-width: 1024px) 100vw, 1024px\" \/><\/a><\/figure><\/div>\n\n\n\n<p>Dia 19 de junho de 2022, das 9h30 \u00e0s 12h, no Sal\u00e3o Paroquial da Branca.<br>Este \u00e9 um encontro para namorados da Diocese de Aveiro onde cada um poder\u00e1 descobrir mais sobre si mesmo, sobre a sua rela\u00e7\u00e3o e algumas estrat\u00e9gias para melhorar o seu relacionamento, sempre com o olhar atento de Deus. As inscri\u00e7\u00f5es encerram no dia 16 de junho!<\/p>\n\n\n\n<p><\/p>\n\n\n\n<p>M<a href=\"http:\/\/www.diocese-aveiro.pt\/v2\/?p=22208\" data-type=\"URL\" data-id=\"http:\/\/www.diocese-aveiro.pt\/v2\/?p=22208\" target=\"_blank\" rel=\"noreferrer noopener\">AIS INFORMA\u00c7\u00d5ES NA P\u00c1GINA DA DIOCESE<\/a><\/p>\n","protected":false},"excerpt":{"rendered":"<p>Dia 19 de junho de 2022, das 9h30 \u00e0s 12h, no Sal\u00e3o Paroquial da Branca.Este \u00e9 um encontro para namorados da Diocese de Aveiro onde cada um poder\u00e1 descobrir mais sobre si mesmo, sobre a sua rela\u00e7\u00e3o e algumas estrat\u00e9gias para melhorar o seu relacionamento, sempre com o olhar atento de Deus. As inscri\u00e7\u00f5es encerram [&hellip;]<\/p>\n","protected":false},"author":1,"featured_media":10541,"comment_status":"open","ping_status":"closed","sticky":false,"template":"","format":"standard","meta":{"ngg_post_thumbnail":0},"categories":[1,4,2,6],"tags":[],"_links":{"self":[{"href":"http:\/\/paroquiagloria.org\/v2\/index.php?rest_route=\/wp\/v2\/posts\/10552"}],"collection":[{"href":"http:\/\/paroquiagloria.org\/v2\/index.php?rest_route=\/wp\/v2\/posts"}],"about":[{"href":"http:\/\/paroquiagloria.org\/v2\/index.php?rest_route=\/wp\/v2\/types\/post"}],"author":[{"embeddable":true,"href":"http:\/\/paroquiagloria.org\/v2\/index.php?rest_route=\/wp\/v2\/users\/1"}],"replies":[{"embeddable":true,"href":"http:\/\/paroquiagloria.org\/v2\/index.php?rest_route=%2Fwp%2Fv2%2Fcomments&post=10552"}],"version-history":[{"count":1,"href":"http:\/\/paroquiagloria.org\/v2\/index.php?rest_route=\/wp\/v2\/posts\/10552\/revisions"}],"predecessor-version":[{"id":10553,"href":"http:\/\/paroquiagloria.org\/v2\/index.php?rest_route=\/wp\/v2\/posts\/10552\/revisions\/10553"}],"wp:featuredmedia":[{"embeddable":true,"href":"http:\/\/paroquiagloria.org\/v2\/index.php?rest_route=\/wp\/v2\/media\/10541"}],"wp:attachment":[{"href":"http:\/\/paroquiagloria.org\/v2\/index.php?rest_route=%2Fwp%2Fv2%2Fmedia&parent=10552"}],"wp:term":[{"taxonomy":"category","embeddable":true,"href":"http:\/\/paroquiagloria.org\/v2\/index.php?rest_route=%2Fwp%2Fv2%2Fcategories&post=10552"},{"taxonomy":"post_tag","embeddable":true,"href":"http:\/\/paroquiagloria.org\/v2\/index.php?rest_route=%2Fwp%2Fv2%2Ftags&post=10552"}],"curies":[{"name":"wp","href":"https:\/\/api.w.org\/{rel}","templated":true}]}}