{"id":10532,"date":"2022-05-28T19:34:27","date_gmt":"2022-05-28T19:34:27","guid":{"rendered":"http:\/\/paroquiagloria.org\/v2\/?p=10532"},"modified":"2022-05-28T19:34:28","modified_gmt":"2022-05-28T19:34:28","slug":"papa-preside-a-rosario-pela-paz-em-ligacao-com-fatima","status":"publish","type":"post","link":"http:\/\/paroquiagloria.org\/v2\/?p=10532","title":{"rendered":"Papa preside a Ros\u00e1rio pela paz, em liga\u00e7\u00e3o com F\u00e1tima"},"content":{"rendered":"\n<div class=\"wp-block-image\"><figure class=\"aligncenter size-large\"><a href=\"http:\/\/paroquiagloria.org\/v2\/wp-content\/uploads\/2022\/05\/paparosario.jpeg\"><img loading=\"lazy\" width=\"1024\" height=\"576\" src=\"http:\/\/paroquiagloria.org\/v2\/wp-content\/uploads\/2022\/05\/paparosario-1024x576.jpeg\" alt=\"\" class=\"wp-image-10514\" srcset=\"http:\/\/paroquiagloria.org\/v2\/wp-content\/uploads\/2022\/05\/paparosario-1024x576.jpeg 1024w, http:\/\/paroquiagloria.org\/v2\/wp-content\/uploads\/2022\/05\/paparosario-300x169.jpeg 300w, http:\/\/paroquiagloria.org\/v2\/wp-content\/uploads\/2022\/05\/paparosario-768x432.jpeg 768w, http:\/\/paroquiagloria.org\/v2\/wp-content\/uploads\/2022\/05\/paparosario.jpeg 1280w\" sizes=\"(max-width: 1024px) 100vw, 1024px\" \/><\/a><\/figure><\/div>\n\n\n\n<p>O Papa vai presidir no dia 31 de Maio \u00e0 recita\u00e7\u00e3o do Ros\u00e1rio pela paz na Ucr\u00e2nia e no mundo, na Bas\u00edlica de Santa Maria Maior em Roma, pelas 18h00 locais (17h00 em Lisboa), em liga\u00e7\u00e3o com santu\u00e1rios internacionais, incluindo F\u00e1tima.<br>Na celebra\u00e7\u00e3o v\u00e3o marcar presen\u00e7a crian\u00e7as que receberam os sacramentos da Primeira Comunh\u00e3o e da Confirma\u00e7\u00e3o nas \u00faltimas semanas, escuteiros, fam\u00edlias da comunidade ucraniana de Roma, entre outros.<\/p>\n\n\n\n<p><\/p>\n\n\n\n<p><a href=\"https:\/\/agencia.ecclesia.pt\/portal\/vaticano-papa-preside-a-rosario-pela-paz-em-ligacao-com-fatima\/\" data-type=\"URL\" data-id=\"https:\/\/agencia.ecclesia.pt\/portal\/vaticano-papa-preside-a-rosario-pela-paz-em-ligacao-com-fatima\/\" target=\"_blank\" rel=\"noreferrer noopener\">MAIS INFORMA\u00c7\u00d5ES<\/a><\/p>\n","protected":false},"excerpt":{"rendered":"<p>O Papa vai presidir no dia 31 de Maio \u00e0 recita\u00e7\u00e3o do Ros\u00e1rio pela paz na Ucr\u00e2nia e no mundo, na Bas\u00edlica de Santa Maria Maior em Roma, pelas 18h00 locais (17h00 em Lisboa), em liga\u00e7\u00e3o com santu\u00e1rios internacionais, incluindo F\u00e1tima.Na celebra\u00e7\u00e3o v\u00e3o marcar presen\u00e7a crian\u00e7as que receberam os sacramentos da Primeira Comunh\u00e3o e da [&hellip;]<\/p>\n","protected":false},"author":1,"featured_media":10513,"comment_status":"open","ping_status":"closed","sticky":false,"template":"","format":"standard","meta":{"ngg_post_thumbnail":0},"categories":[1,4,2,6,24],"tags":[],"_links":{"self":[{"href":"http:\/\/paroquiagloria.org\/v2\/index.php?rest_route=\/wp\/v2\/posts\/10532"}],"collection":[{"href":"http:\/\/paroquiagloria.org\/v2\/index.php?rest_route=\/wp\/v2\/posts"}],"about":[{"href":"http:\/\/paroquiagloria.org\/v2\/index.php?rest_route=\/wp\/v2\/types\/post"}],"author":[{"embeddable":true,"href":"http:\/\/paroquiagloria.org\/v2\/index.php?rest_route=\/wp\/v2\/users\/1"}],"replies":[{"embeddable":true,"href":"http:\/\/paroquiagloria.org\/v2\/index.php?rest_route=%2Fwp%2Fv2%2Fcomments&post=10532"}],"version-history":[{"count":1,"href":"http:\/\/paroquiagloria.org\/v2\/index.php?rest_route=\/wp\/v2\/posts\/10532\/revisions"}],"predecessor-version":[{"id":10533,"href":"http:\/\/paroquiagloria.org\/v2\/index.php?rest_route=\/wp\/v2\/posts\/10532\/revisions\/10533"}],"wp:featuredmedia":[{"embeddable":true,"href":"http:\/\/paroquiagloria.org\/v2\/index.php?rest_route=\/wp\/v2\/media\/10513"}],"wp:attachment":[{"href":"http:\/\/paroquiagloria.org\/v2\/index.php?rest_route=%2Fwp%2Fv2%2Fmedia&parent=10532"}],"wp:term":[{"taxonomy":"category","embeddable":true,"href":"http:\/\/paroquiagloria.org\/v2\/index.php?rest_route=%2Fwp%2Fv2%2Fcategories&post=10532"},{"taxonomy":"post_tag","embeddable":true,"href":"http:\/\/paroquiagloria.org\/v2\/index.php?rest_route=%2Fwp%2Fv2%2Ftags&post=10532"}],"curies":[{"name":"wp","href":"https:\/\/api.w.org\/{rel}","templated":true}]}}