{"id":10528,"date":"2022-05-28T19:31:47","date_gmt":"2022-05-28T19:31:47","guid":{"rendered":"http:\/\/paroquiagloria.org\/v2\/?p=10528"},"modified":"2022-05-28T19:31:48","modified_gmt":"2022-05-28T19:31:48","slug":"dia-aberto-no-seminario-para-5o-6o-e-7o-anos","status":"publish","type":"post","link":"http:\/\/paroquiagloria.org\/v2\/?p=10528","title":{"rendered":"Dia aberto no Semin\u00e1rio para 5\u00ba, 6\u00ba e 7\u00ba anos"},"content":{"rendered":"\n<div class=\"wp-block-image\"><figure class=\"aligncenter size-large\"><a href=\"http:\/\/paroquiagloria.org\/v2\/wp-content\/uploads\/2021\/10\/Seminarioo.jpg\"><img loading=\"lazy\" width=\"943\" height=\"1024\" src=\"http:\/\/paroquiagloria.org\/v2\/wp-content\/uploads\/2021\/10\/Seminarioo-943x1024.jpg\" alt=\"\" class=\"wp-image-9703\" srcset=\"http:\/\/paroquiagloria.org\/v2\/wp-content\/uploads\/2021\/10\/Seminarioo-943x1024.jpg 943w, http:\/\/paroquiagloria.org\/v2\/wp-content\/uploads\/2021\/10\/Seminarioo-276x300.jpg 276w, http:\/\/paroquiagloria.org\/v2\/wp-content\/uploads\/2021\/10\/Seminarioo-768x834.jpg 768w, http:\/\/paroquiagloria.org\/v2\/wp-content\/uploads\/2021\/10\/Seminarioo.jpg 960w\" sizes=\"(max-width: 943px) 100vw, 943px\" \/><\/a><\/figure><\/div>\n\n\n\n<p>O Semin\u00e1rio de Santa Joana Princesa, em parceria com o Servi\u00e7o de Voca\u00e7\u00f5es, Acolhimento e Forma\u00e7\u00e3o Espiritual, o Pr\u00e9-Semin\u00e1rio prop\u00f5e um dia de actividades e conv\u00edvio para jovens,<br>rapazes e raparigas, entre o 5\u00ba e o 7\u00ba anos, com o objetivo de dar a conhecer o Semin\u00e1rio e fazer algum aprofundamento vocacional adaptado a estas idades.<br>Ser\u00e1 no dia 18 de Junho, S\u00e1bado, entre as 9h30 e as 18 horas; \u00e0s 17 horas ser\u00e1 celebrada a Eucaristia na igreja do Semin\u00e1rio, juntamente com pais e amigos que se queiram associar.<br>Para participar \u00e9 necess\u00e1rio fazer a inscri\u00e7\u00e3o.<\/p>\n","protected":false},"excerpt":{"rendered":"<p>O Semin\u00e1rio de Santa Joana Princesa, em parceria com o Servi\u00e7o de Voca\u00e7\u00f5es, Acolhimento e Forma\u00e7\u00e3o Espiritual, o Pr\u00e9-Semin\u00e1rio prop\u00f5e um dia de actividades e conv\u00edvio para jovens,rapazes e raparigas, entre o 5\u00ba e o 7\u00ba anos, com o objetivo de dar a conhecer o Semin\u00e1rio e fazer algum aprofundamento vocacional adaptado a estas idades.Ser\u00e1 [&hellip;]<\/p>\n","protected":false},"author":1,"featured_media":9704,"comment_status":"open","ping_status":"closed","sticky":false,"template":"","format":"standard","meta":{"ngg_post_thumbnail":0},"categories":[1,4,2,6],"tags":[],"_links":{"self":[{"href":"http:\/\/paroquiagloria.org\/v2\/index.php?rest_route=\/wp\/v2\/posts\/10528"}],"collection":[{"href":"http:\/\/paroquiagloria.org\/v2\/index.php?rest_route=\/wp\/v2\/posts"}],"about":[{"href":"http:\/\/paroquiagloria.org\/v2\/index.php?rest_route=\/wp\/v2\/types\/post"}],"author":[{"embeddable":true,"href":"http:\/\/paroquiagloria.org\/v2\/index.php?rest_route=\/wp\/v2\/users\/1"}],"replies":[{"embeddable":true,"href":"http:\/\/paroquiagloria.org\/v2\/index.php?rest_route=%2Fwp%2Fv2%2Fcomments&post=10528"}],"version-history":[{"count":1,"href":"http:\/\/paroquiagloria.org\/v2\/index.php?rest_route=\/wp\/v2\/posts\/10528\/revisions"}],"predecessor-version":[{"id":10529,"href":"http:\/\/paroquiagloria.org\/v2\/index.php?rest_route=\/wp\/v2\/posts\/10528\/revisions\/10529"}],"wp:featuredmedia":[{"embeddable":true,"href":"http:\/\/paroquiagloria.org\/v2\/index.php?rest_route=\/wp\/v2\/media\/9704"}],"wp:attachment":[{"href":"http:\/\/paroquiagloria.org\/v2\/index.php?rest_route=%2Fwp%2Fv2%2Fmedia&parent=10528"}],"wp:term":[{"taxonomy":"category","embeddable":true,"href":"http:\/\/paroquiagloria.org\/v2\/index.php?rest_route=%2Fwp%2Fv2%2Fcategories&post=10528"},{"taxonomy":"post_tag","embeddable":true,"href":"http:\/\/paroquiagloria.org\/v2\/index.php?rest_route=%2Fwp%2Fv2%2Ftags&post=10528"}],"curies":[{"name":"wp","href":"https:\/\/api.w.org\/{rel}","templated":true}]}}