{"id":10526,"date":"2022-05-28T19:30:16","date_gmt":"2022-05-28T19:30:16","guid":{"rendered":"http:\/\/paroquiagloria.org\/v2\/?p=10526"},"modified":"2022-05-28T19:30:17","modified_gmt":"2022-05-28T19:30:17","slug":"festa-das-familias","status":"publish","type":"post","link":"http:\/\/paroquiagloria.org\/v2\/?p=10526","title":{"rendered":"Festa das Fam\u00edlias"},"content":{"rendered":"\n<div class=\"wp-block-image\"><figure class=\"aligncenter size-large\"><a href=\"http:\/\/paroquiagloria.org\/v2\/wp-content\/uploads\/2022\/05\/Festa-da-Fami\u0301lia-Stories.jpg\"><img loading=\"lazy\" width=\"692\" height=\"1024\" src=\"http:\/\/paroquiagloria.org\/v2\/wp-content\/uploads\/2022\/05\/Festa-da-Fami\u0301lia-Stories-692x1024.jpg\" alt=\"\" class=\"wp-image-10509\" srcset=\"http:\/\/paroquiagloria.org\/v2\/wp-content\/uploads\/2022\/05\/Festa-da-Fami\u0301lia-Stories-692x1024.jpg 692w, http:\/\/paroquiagloria.org\/v2\/wp-content\/uploads\/2022\/05\/Festa-da-Fami\u0301lia-Stories-203x300.jpg 203w, http:\/\/paroquiagloria.org\/v2\/wp-content\/uploads\/2022\/05\/Festa-da-Fami\u0301lia-Stories-768x1137.jpg 768w, http:\/\/paroquiagloria.org\/v2\/wp-content\/uploads\/2022\/05\/Festa-da-Fami\u0301lia-Stories-1037x1536.jpg 1037w, http:\/\/paroquiagloria.org\/v2\/wp-content\/uploads\/2022\/05\/Festa-da-Fami\u0301lia-Stories.jpg 1080w\" sizes=\"(max-width: 692px) 100vw, 692px\" \/><\/a><\/figure><\/div>\n\n\n\n<p>A Equipa Diocesana da Pastoral Familiar est\u00e1 a organizar a \u201cFesta das Fam\u00edlias\u201d a ter lugar, no Santu\u00e1rio de Nossa Senhora de Vagos, no dia 26 de junho.<br>Entre outras atividades, para a Eucaristia, \u00e0s 16h00, que encerrar\u00e1 a Festa das Fam\u00edlias, s\u00e3o convidados os casais jubilados &#8211; 25, 50, 60 e 75 anos de casamento &#8211; completados entre 1 de janeiro 2020 at\u00e9 31 de dezembro de 2022.<br>Assim, os casais interessados dever\u00e3o inscrever-se na Par\u00f3quia at\u00e9 ao dia 10 de junho.<\/p>\n","protected":false},"excerpt":{"rendered":"<p>A Equipa Diocesana da Pastoral Familiar est\u00e1 a organizar a \u201cFesta das Fam\u00edlias\u201d a ter lugar, no Santu\u00e1rio de Nossa Senhora de Vagos, no dia 26 de junho.Entre outras atividades, para a Eucaristia, \u00e0s 16h00, que encerrar\u00e1 a Festa das Fam\u00edlias, s\u00e3o convidados os casais jubilados &#8211; 25, 50, 60 e 75 anos de casamento [&hellip;]<\/p>\n","protected":false},"author":1,"featured_media":10508,"comment_status":"open","ping_status":"closed","sticky":false,"template":"","format":"standard","meta":{"ngg_post_thumbnail":0},"categories":[1,4,2,6,24],"tags":[],"_links":{"self":[{"href":"http:\/\/paroquiagloria.org\/v2\/index.php?rest_route=\/wp\/v2\/posts\/10526"}],"collection":[{"href":"http:\/\/paroquiagloria.org\/v2\/index.php?rest_route=\/wp\/v2\/posts"}],"about":[{"href":"http:\/\/paroquiagloria.org\/v2\/index.php?rest_route=\/wp\/v2\/types\/post"}],"author":[{"embeddable":true,"href":"http:\/\/paroquiagloria.org\/v2\/index.php?rest_route=\/wp\/v2\/users\/1"}],"replies":[{"embeddable":true,"href":"http:\/\/paroquiagloria.org\/v2\/index.php?rest_route=%2Fwp%2Fv2%2Fcomments&post=10526"}],"version-history":[{"count":1,"href":"http:\/\/paroquiagloria.org\/v2\/index.php?rest_route=\/wp\/v2\/posts\/10526\/revisions"}],"predecessor-version":[{"id":10527,"href":"http:\/\/paroquiagloria.org\/v2\/index.php?rest_route=\/wp\/v2\/posts\/10526\/revisions\/10527"}],"wp:featuredmedia":[{"embeddable":true,"href":"http:\/\/paroquiagloria.org\/v2\/index.php?rest_route=\/wp\/v2\/media\/10508"}],"wp:attachment":[{"href":"http:\/\/paroquiagloria.org\/v2\/index.php?rest_route=%2Fwp%2Fv2%2Fmedia&parent=10526"}],"wp:term":[{"taxonomy":"category","embeddable":true,"href":"http:\/\/paroquiagloria.org\/v2\/index.php?rest_route=%2Fwp%2Fv2%2Fcategories&post=10526"},{"taxonomy":"post_tag","embeddable":true,"href":"http:\/\/paroquiagloria.org\/v2\/index.php?rest_route=%2Fwp%2Fv2%2Ftags&post=10526"}],"curies":[{"name":"wp","href":"https:\/\/api.w.org\/{rel}","templated":true}]}}