{"id":10524,"date":"2022-05-28T19:29:17","date_gmt":"2022-05-28T19:29:17","guid":{"rendered":"http:\/\/paroquiagloria.org\/v2\/?p=10524"},"modified":"2022-05-28T19:29:18","modified_gmt":"2022-05-28T19:29:18","slug":"46o-encontro-nacional-de-pastoral-liturgica","status":"publish","type":"post","link":"http:\/\/paroquiagloria.org\/v2\/?p=10524","title":{"rendered":"46\u00ba Encontro Nacional de Pastoral Lit\u00fargica"},"content":{"rendered":"\n<div class=\"wp-block-image\"><figure class=\"aligncenter size-large\"><a href=\"http:\/\/paroquiagloria.org\/v2\/wp-content\/uploads\/2022\/05\/ENPL2022_16X9.jpg\"><img loading=\"lazy\" width=\"1024\" height=\"576\" src=\"http:\/\/paroquiagloria.org\/v2\/wp-content\/uploads\/2022\/05\/ENPL2022_16X9-1024x576.jpg\" alt=\"\" class=\"wp-image-10520\" srcset=\"http:\/\/paroquiagloria.org\/v2\/wp-content\/uploads\/2022\/05\/ENPL2022_16X9-1024x576.jpg 1024w, http:\/\/paroquiagloria.org\/v2\/wp-content\/uploads\/2022\/05\/ENPL2022_16X9-300x169.jpg 300w, http:\/\/paroquiagloria.org\/v2\/wp-content\/uploads\/2022\/05\/ENPL2022_16X9-768x432.jpg 768w, http:\/\/paroquiagloria.org\/v2\/wp-content\/uploads\/2022\/05\/ENPL2022_16X9.jpg 1080w\" sizes=\"(max-width: 1024px) 100vw, 1024px\" \/><\/a><\/figure><\/div>\n\n\n\n<p>Decorrer\u00e1 de 25 a 28 e Julho de 2022, no Santu\u00e1rio de F\u00e1tima o Encontro Nacional de Pastoral Lit\u00fargica.<br>Este ano o tema \u00e9 dedicado aos Jovens: \u201cCelebrar com os Jovens &#8211; rumo \u00e0 JMJ Lisboa 2023\u201d.<br>Mais informa\u00e7\u00f5es e inscri\u00e7\u00e3o no site do secretariado nacional: <a href=\"https:\/\/www.liturgia.pt\/enpl\/index.php\" target=\"_blank\" rel=\"noreferrer noopener\">https:\/\/www.liturgia.pt\/enpl\/index.php<\/a><\/p>\n","protected":false},"excerpt":{"rendered":"<p>Decorrer\u00e1 de 25 a 28 e Julho de 2022, no Santu\u00e1rio de F\u00e1tima o Encontro Nacional de Pastoral Lit\u00fargica.Este ano o tema \u00e9 dedicado aos Jovens: \u201cCelebrar com os Jovens &#8211; rumo \u00e0 JMJ Lisboa 2023\u201d.Mais informa\u00e7\u00f5es e inscri\u00e7\u00e3o no site do secretariado nacional: https:\/\/www.liturgia.pt\/enpl\/index.php<\/p>\n","protected":false},"author":1,"featured_media":10518,"comment_status":"open","ping_status":"closed","sticky":false,"template":"","format":"standard","meta":{"ngg_post_thumbnail":0},"categories":[1,4,2,6,24],"tags":[],"_links":{"self":[{"href":"http:\/\/paroquiagloria.org\/v2\/index.php?rest_route=\/wp\/v2\/posts\/10524"}],"collection":[{"href":"http:\/\/paroquiagloria.org\/v2\/index.php?rest_route=\/wp\/v2\/posts"}],"about":[{"href":"http:\/\/paroquiagloria.org\/v2\/index.php?rest_route=\/wp\/v2\/types\/post"}],"author":[{"embeddable":true,"href":"http:\/\/paroquiagloria.org\/v2\/index.php?rest_route=\/wp\/v2\/users\/1"}],"replies":[{"embeddable":true,"href":"http:\/\/paroquiagloria.org\/v2\/index.php?rest_route=%2Fwp%2Fv2%2Fcomments&post=10524"}],"version-history":[{"count":1,"href":"http:\/\/paroquiagloria.org\/v2\/index.php?rest_route=\/wp\/v2\/posts\/10524\/revisions"}],"predecessor-version":[{"id":10525,"href":"http:\/\/paroquiagloria.org\/v2\/index.php?rest_route=\/wp\/v2\/posts\/10524\/revisions\/10525"}],"wp:featuredmedia":[{"embeddable":true,"href":"http:\/\/paroquiagloria.org\/v2\/index.php?rest_route=\/wp\/v2\/media\/10518"}],"wp:attachment":[{"href":"http:\/\/paroquiagloria.org\/v2\/index.php?rest_route=%2Fwp%2Fv2%2Fmedia&parent=10524"}],"wp:term":[{"taxonomy":"category","embeddable":true,"href":"http:\/\/paroquiagloria.org\/v2\/index.php?rest_route=%2Fwp%2Fv2%2Fcategories&post=10524"},{"taxonomy":"post_tag","embeddable":true,"href":"http:\/\/paroquiagloria.org\/v2\/index.php?rest_route=%2Fwp%2Fv2%2Ftags&post=10524"}],"curies":[{"name":"wp","href":"https:\/\/api.w.org\/{rel}","templated":true}]}}