{"id":10522,"date":"2022-05-28T19:27:56","date_gmt":"2022-05-28T19:27:56","guid":{"rendered":"http:\/\/paroquiagloria.org\/v2\/?p=10522"},"modified":"2022-05-28T19:27:58","modified_gmt":"2022-05-28T19:27:58","slug":"dia-das-comunicacoes-sociais-2022","status":"publish","type":"post","link":"http:\/\/paroquiagloria.org\/v2\/?p=10522","title":{"rendered":"Dia das Comunica\u00e7\u00f5es Sociais 2022"},"content":{"rendered":"\n<div class=\"wp-block-image\"><figure class=\"aligncenter size-large\"><a href=\"http:\/\/paroquiagloria.org\/v2\/wp-content\/uploads\/2022\/05\/DMCS2022_ecclesia.jpg\"><img loading=\"lazy\" width=\"1024\" height=\"682\" src=\"http:\/\/paroquiagloria.org\/v2\/wp-content\/uploads\/2022\/05\/DMCS2022_ecclesia-1024x682.jpg\" alt=\"\" class=\"wp-image-10517\" srcset=\"http:\/\/paroquiagloria.org\/v2\/wp-content\/uploads\/2022\/05\/DMCS2022_ecclesia-1024x682.jpg 1024w, http:\/\/paroquiagloria.org\/v2\/wp-content\/uploads\/2022\/05\/DMCS2022_ecclesia-300x200.jpg 300w, http:\/\/paroquiagloria.org\/v2\/wp-content\/uploads\/2022\/05\/DMCS2022_ecclesia-768x512.jpg 768w, http:\/\/paroquiagloria.org\/v2\/wp-content\/uploads\/2022\/05\/DMCS2022_ecclesia-140x94.jpg 140w, http:\/\/paroquiagloria.org\/v2\/wp-content\/uploads\/2022\/05\/DMCS2022_ecclesia.jpg 1280w\" sizes=\"(max-width: 1024px) 100vw, 1024px\" \/><\/a><\/figure><\/div>\n\n\n\n<p>\u2018Escutar com o ouvido do cora\u00e7\u00e3o\u2019 \u00e9 o tema da mensagem do Papa Francisco para o 56\u00ba Dia Mundial das Comunica\u00e7\u00f5es Sociais, que se assinala este domingo, dia 29 de maio.<br>Na mensagem, o Papa afirma que \u201c\u00e9 preciso inclinar o ouvido e escutar em profundidade, sobretudo o mal-estar social agravado pelo abrandamento ou cessa\u00e7\u00e3o de muitas atividades econ\u00f3micas\u201d, acrescenta.<br>Francisco destaca, a este respeito, o papel da escuta na supera\u00e7\u00e3o dos preconceitos contra os migrantes, convidando todos a \u201couvir as suas hist\u00f3rias\u201d de pessoas concretas.<br>\u201cDar um nome e uma hist\u00f3ria a cada um deles. H\u00e1 muitos bons jornalistas que j\u00e1 o fazem; e muitos outros gostariam de o fazer, se pudessem. Encorajemo-los! Escutemos estas hist\u00f3rias\u201d, apela.<br>A mensagem apresenta a escuta como o \u201cprimeiro e indispens\u00e1vel ingrediente do di\u00e1logo e da boa comunica\u00e7\u00e3o\u201d.<\/p>\n\n\n\n<p><a href=\"https:\/\/agencia.ecclesia.pt\/portal\/dmcs2022-dia-mundial-das-comunicacoes-sociais-assinalado-na-universidade-para-dar-espaco-aos-jovens\/\" data-type=\"URL\" data-id=\"https:\/\/agencia.ecclesia.pt\/portal\/dmcs2022-dia-mundial-das-comunicacoes-sociais-assinalado-na-universidade-para-dar-espaco-aos-jovens\/\" target=\"_blank\" rel=\"noreferrer noopener\">MAIS INFORMA\u00c7\u00d5ES<\/a><\/p>\n","protected":false},"excerpt":{"rendered":"<p>\u2018Escutar com o ouvido do cora\u00e7\u00e3o\u2019 \u00e9 o tema da mensagem do Papa Francisco para o 56\u00ba Dia Mundial das Comunica\u00e7\u00f5es Sociais, que se assinala este domingo, dia 29 de maio.Na mensagem, o Papa afirma que \u201c\u00e9 preciso inclinar o ouvido e escutar em profundidade, sobretudo o mal-estar social agravado pelo abrandamento ou cessa\u00e7\u00e3o de [&hellip;]<\/p>\n","protected":false},"author":1,"featured_media":10510,"comment_status":"open","ping_status":"closed","sticky":false,"template":"","format":"standard","meta":{"ngg_post_thumbnail":0},"categories":[1,4,2,6],"tags":[],"_links":{"self":[{"href":"http:\/\/paroquiagloria.org\/v2\/index.php?rest_route=\/wp\/v2\/posts\/10522"}],"collection":[{"href":"http:\/\/paroquiagloria.org\/v2\/index.php?rest_route=\/wp\/v2\/posts"}],"about":[{"href":"http:\/\/paroquiagloria.org\/v2\/index.php?rest_route=\/wp\/v2\/types\/post"}],"author":[{"embeddable":true,"href":"http:\/\/paroquiagloria.org\/v2\/index.php?rest_route=\/wp\/v2\/users\/1"}],"replies":[{"embeddable":true,"href":"http:\/\/paroquiagloria.org\/v2\/index.php?rest_route=%2Fwp%2Fv2%2Fcomments&post=10522"}],"version-history":[{"count":1,"href":"http:\/\/paroquiagloria.org\/v2\/index.php?rest_route=\/wp\/v2\/posts\/10522\/revisions"}],"predecessor-version":[{"id":10523,"href":"http:\/\/paroquiagloria.org\/v2\/index.php?rest_route=\/wp\/v2\/posts\/10522\/revisions\/10523"}],"wp:featuredmedia":[{"embeddable":true,"href":"http:\/\/paroquiagloria.org\/v2\/index.php?rest_route=\/wp\/v2\/media\/10510"}],"wp:attachment":[{"href":"http:\/\/paroquiagloria.org\/v2\/index.php?rest_route=%2Fwp%2Fv2%2Fmedia&parent=10522"}],"wp:term":[{"taxonomy":"category","embeddable":true,"href":"http:\/\/paroquiagloria.org\/v2\/index.php?rest_route=%2Fwp%2Fv2%2Fcategories&post=10522"},{"taxonomy":"post_tag","embeddable":true,"href":"http:\/\/paroquiagloria.org\/v2\/index.php?rest_route=%2Fwp%2Fv2%2Ftags&post=10522"}],"curies":[{"name":"wp","href":"https:\/\/api.w.org\/{rel}","templated":true}]}}