{"id":10503,"date":"2022-05-21T20:03:38","date_gmt":"2022-05-21T20:03:38","guid":{"rendered":"http:\/\/paroquiagloria.org\/v2\/?p=10503"},"modified":"2022-05-21T20:03:40","modified_gmt":"2022-05-21T20:03:40","slug":"jmj2023-familias-de-acolhimento-2","status":"publish","type":"post","link":"http:\/\/paroquiagloria.org\/v2\/?p=10503","title":{"rendered":"JMJ2023 &#8211; Fam\u00edlias de Acolhimento"},"content":{"rendered":"\n<div class=\"wp-block-image\"><figure class=\"aligncenter size-full\"><a href=\"http:\/\/paroquiagloria.org\/v2\/wp-content\/uploads\/2013\/02\/banner_JMJ23.jpg\"><img loading=\"lazy\" width=\"960\" height=\"450\" src=\"http:\/\/paroquiagloria.org\/v2\/wp-content\/uploads\/2013\/02\/banner_JMJ23.jpg\" alt=\"\" class=\"wp-image-9037\" srcset=\"http:\/\/paroquiagloria.org\/v2\/wp-content\/uploads\/2013\/02\/banner_JMJ23.jpg 960w, http:\/\/paroquiagloria.org\/v2\/wp-content\/uploads\/2013\/02\/banner_JMJ23-300x141.jpg 300w\" sizes=\"(max-width: 960px) 100vw, 960px\" \/><\/a><\/figure><\/div>\n\n\n\n<p>Depois da divulga\u00e7\u00e3o feita nas Eucaristias do fim de semana passado, estamos a receber inscri\u00e7\u00f5es das fam\u00edlias que desejam receber pelo menos 2 jovens nos dias que antecedem as Jornadas Mundiais da Juventude (entre 26 e 31 de julho de 2023). Pode faz\u00ea-lo na secretaria, na sacristia ou no formul\u00e1rio online.<br><\/p>\n\n\n\n<p><a href=\"https:\/\/forms.gle\/vm6gSh1ZU8byXYu77\" target=\"_blank\" rel=\"noreferrer noopener\">https:\/\/forms.gle\/vm6gSh1ZU8byXYu77<\/a><\/p>\n\n\n\n<figure class=\"wp-block-image size-medium\"><a href=\"http:\/\/paroquiagloria.org\/v2\/wp-content\/uploads\/2022\/04\/QRcode_familias.acolhimento.jpg\"><img loading=\"lazy\" width=\"300\" height=\"300\" src=\"http:\/\/paroquiagloria.org\/v2\/wp-content\/uploads\/2022\/04\/QRcode_familias.acolhimento-300x300.jpg\" alt=\"\" class=\"wp-image-10395\" srcset=\"http:\/\/paroquiagloria.org\/v2\/wp-content\/uploads\/2022\/04\/QRcode_familias.acolhimento-300x300.jpg 300w, http:\/\/paroquiagloria.org\/v2\/wp-content\/uploads\/2022\/04\/QRcode_familias.acolhimento-1024x1024.jpg 1024w, http:\/\/paroquiagloria.org\/v2\/wp-content\/uploads\/2022\/04\/QRcode_familias.acolhimento-150x150.jpg 150w, http:\/\/paroquiagloria.org\/v2\/wp-content\/uploads\/2022\/04\/QRcode_familias.acolhimento-768x768.jpg 768w, http:\/\/paroquiagloria.org\/v2\/wp-content\/uploads\/2022\/04\/QRcode_familias.acolhimento-185x185.jpg 185w, http:\/\/paroquiagloria.org\/v2\/wp-content\/uploads\/2022\/04\/QRcode_familias.acolhimento-184x184.jpg 184w, http:\/\/paroquiagloria.org\/v2\/wp-content\/uploads\/2022\/04\/QRcode_familias.acolhimento.jpg 1155w\" sizes=\"(max-width: 300px) 100vw, 300px\" \/><\/a><\/figure>\n","protected":false},"excerpt":{"rendered":"<p>Depois da divulga\u00e7\u00e3o feita nas Eucaristias do fim de semana passado, estamos a receber inscri\u00e7\u00f5es das fam\u00edlias que desejam receber pelo menos 2 jovens nos dias que antecedem as Jornadas Mundiais da Juventude (entre 26 e 31 de julho de 2023). Pode faz\u00ea-lo na secretaria, na sacristia ou no formul\u00e1rio online. https:\/\/forms.gle\/vm6gSh1ZU8byXYu77<\/p>\n","protected":false},"author":1,"featured_media":9037,"comment_status":"open","ping_status":"closed","sticky":false,"template":"","format":"standard","meta":{"ngg_post_thumbnail":0},"categories":[1,4,2,6,24],"tags":[],"_links":{"self":[{"href":"http:\/\/paroquiagloria.org\/v2\/index.php?rest_route=\/wp\/v2\/posts\/10503"}],"collection":[{"href":"http:\/\/paroquiagloria.org\/v2\/index.php?rest_route=\/wp\/v2\/posts"}],"about":[{"href":"http:\/\/paroquiagloria.org\/v2\/index.php?rest_route=\/wp\/v2\/types\/post"}],"author":[{"embeddable":true,"href":"http:\/\/paroquiagloria.org\/v2\/index.php?rest_route=\/wp\/v2\/users\/1"}],"replies":[{"embeddable":true,"href":"http:\/\/paroquiagloria.org\/v2\/index.php?rest_route=%2Fwp%2Fv2%2Fcomments&post=10503"}],"version-history":[{"count":1,"href":"http:\/\/paroquiagloria.org\/v2\/index.php?rest_route=\/wp\/v2\/posts\/10503\/revisions"}],"predecessor-version":[{"id":10504,"href":"http:\/\/paroquiagloria.org\/v2\/index.php?rest_route=\/wp\/v2\/posts\/10503\/revisions\/10504"}],"wp:featuredmedia":[{"embeddable":true,"href":"http:\/\/paroquiagloria.org\/v2\/index.php?rest_route=\/wp\/v2\/media\/9037"}],"wp:attachment":[{"href":"http:\/\/paroquiagloria.org\/v2\/index.php?rest_route=%2Fwp%2Fv2%2Fmedia&parent=10503"}],"wp:term":[{"taxonomy":"category","embeddable":true,"href":"http:\/\/paroquiagloria.org\/v2\/index.php?rest_route=%2Fwp%2Fv2%2Fcategories&post=10503"},{"taxonomy":"post_tag","embeddable":true,"href":"http:\/\/paroquiagloria.org\/v2\/index.php?rest_route=%2Fwp%2Fv2%2Ftags&post=10503"}],"curies":[{"name":"wp","href":"https:\/\/api.w.org\/{rel}","templated":true}]}}