{"id":10498,"date":"2022-05-21T19:59:07","date_gmt":"2022-05-21T19:59:07","guid":{"rendered":"http:\/\/paroquiagloria.org\/v2\/?p=10498"},"modified":"2022-05-21T19:59:08","modified_gmt":"2022-05-21T19:59:08","slug":"jmj2023-santa-joana-princesa","status":"publish","type":"post","link":"http:\/\/paroquiagloria.org\/v2\/?p=10498","title":{"rendered":"JMJ2023 &#8211; Santa Joana Princesa"},"content":{"rendered":"\n<div class=\"wp-block-image\"><figure class=\"aligncenter size-full\"><a href=\"http:\/\/paroquiagloria.org\/v2\/wp-content\/uploads\/2022\/05\/Joana_JMJ2023.jpg\"><img loading=\"lazy\" width=\"865\" height=\"861\" src=\"http:\/\/paroquiagloria.org\/v2\/wp-content\/uploads\/2022\/05\/Joana_JMJ2023.jpg\" alt=\"\" class=\"wp-image-10476\" srcset=\"http:\/\/paroquiagloria.org\/v2\/wp-content\/uploads\/2022\/05\/Joana_JMJ2023.jpg 865w, http:\/\/paroquiagloria.org\/v2\/wp-content\/uploads\/2022\/05\/Joana_JMJ2023-300x300.jpg 300w, http:\/\/paroquiagloria.org\/v2\/wp-content\/uploads\/2022\/05\/Joana_JMJ2023-150x150.jpg 150w, http:\/\/paroquiagloria.org\/v2\/wp-content\/uploads\/2022\/05\/Joana_JMJ2023-768x764.jpg 768w, http:\/\/paroquiagloria.org\/v2\/wp-content\/uploads\/2022\/05\/Joana_JMJ2023-185x185.jpg 185w, http:\/\/paroquiagloria.org\/v2\/wp-content\/uploads\/2022\/05\/Joana_JMJ2023-184x184.jpg 184w\" sizes=\"(max-width: 865px) 100vw, 865px\" \/><\/a><\/figure><\/div>\n\n\n\n<p>Foram divulgados esta semana os 13 patronos das JMJ Lisboa 2023. Alguns dos santos s\u00e3o bem conhecidos de todos n\u00f3s, outros viveram h\u00e1 muito pouco tempo entre n\u00f3s e outros s\u00e3o exemplos e est\u00edmulos de santidade para os jovens de hoje. De todos os patronos destacamos a padroeira da nossa cidade e diocese Santa Joana Princesa que vai acompanhar os jovens de todo o mundo. Esta \u00e9 tamb\u00e9m uma oportunidade para dar a conhecer a sua vida e a cidade de Aveiro.<br>Os restantes patronos s\u00e3o: S. Jo\u00e3o Paulo II, S. Jo\u00e3o Bosco, S. Vicente, Santo Ant\u00f3nio, S. Bartolomeu dos M\u00e1rtires, S. Jo\u00e3o de Brito, o beato Jo\u00e3o Fernandes, a beata Maria Clara do Menino Jesus, o beato Pedro Jorge Frassati, o beato Marcel Callo, a beata Chiara Badano e o beato Carlo Acutis<\/p>\n\n\n\n<p>Mais informa\u00e7\u00f5es: <a rel=\"noreferrer noopener\" href=\"https:\/\/www.diocese-aveiro.pt\/v2\/?p=22182\" data-type=\"URL\" data-id=\"https:\/\/www.diocese-aveiro.pt\/v2\/?p=22182\" target=\"_blank\">DIOCESE DE AVEIRO<\/a> &#8211; <a rel=\"noreferrer noopener\" href=\"https:\/\/agencia.ecclesia.pt\/portal\/jmj-lisboa-2023-jornada-mundial-da-juventude-divulgou-patronos-da-jmj-lisboa-2023\/\" data-type=\"URL\" data-id=\"https:\/\/agencia.ecclesia.pt\/portal\/jmj-lisboa-2023-jornada-mundial-da-juventude-divulgou-patronos-da-jmj-lisboa-2023\/\" target=\"_blank\">ECCLESIA <\/a>&#8211; <a rel=\"noreferrer noopener\" href=\"https:\/\/www.lisboa2023.org\/pt\/artigo\/conhece-os-patronos-da-jmj-lisboa-2023\" data-type=\"URL\" data-id=\"https:\/\/www.lisboa2023.org\/pt\/artigo\/conhece-os-patronos-da-jmj-lisboa-2023\" target=\"_blank\">JMJ2023<\/a> &#8211; <a href=\"https:\/\/www.facebook.com\/CODAveiro.JMJ2023\" data-type=\"URL\" data-id=\"https:\/\/www.facebook.com\/CODAveiro.JMJ2023\" target=\"_blank\" rel=\"noreferrer noopener\">CODAveiro<\/a><\/p>\n\n\n\n<div class=\"wp-block-image\"><figure class=\"aligncenter size-full\"><a href=\"http:\/\/paroquiagloria.org\/v2\/wp-content\/uploads\/2022\/05\/StaJoanaJMJ_03-1024x943-1.jpg\"><img loading=\"lazy\" width=\"1024\" height=\"943\" src=\"http:\/\/paroquiagloria.org\/v2\/wp-content\/uploads\/2022\/05\/StaJoanaJMJ_03-1024x943-1.jpg\" alt=\"\" class=\"wp-image-10477\" srcset=\"http:\/\/paroquiagloria.org\/v2\/wp-content\/uploads\/2022\/05\/StaJoanaJMJ_03-1024x943-1.jpg 1024w, http:\/\/paroquiagloria.org\/v2\/wp-content\/uploads\/2022\/05\/StaJoanaJMJ_03-1024x943-1-300x276.jpg 300w, http:\/\/paroquiagloria.org\/v2\/wp-content\/uploads\/2022\/05\/StaJoanaJMJ_03-1024x943-1-768x707.jpg 768w\" sizes=\"(max-width: 1024px) 100vw, 1024px\" \/><\/a><\/figure><\/div>\n","protected":false},"excerpt":{"rendered":"<p>Foram divulgados esta semana os 13 patronos das JMJ Lisboa 2023. Alguns dos santos s\u00e3o bem conhecidos de todos n\u00f3s, outros viveram h\u00e1 muito pouco tempo entre n\u00f3s e outros s\u00e3o exemplos e est\u00edmulos de santidade para os jovens de hoje. De todos os patronos destacamos a padroeira da nossa cidade e diocese Santa Joana [&hellip;]<\/p>\n","protected":false},"author":1,"featured_media":10485,"comment_status":"open","ping_status":"closed","sticky":false,"template":"","format":"standard","meta":{"ngg_post_thumbnail":0},"categories":[1,4,2,6,24],"tags":[],"_links":{"self":[{"href":"http:\/\/paroquiagloria.org\/v2\/index.php?rest_route=\/wp\/v2\/posts\/10498"}],"collection":[{"href":"http:\/\/paroquiagloria.org\/v2\/index.php?rest_route=\/wp\/v2\/posts"}],"about":[{"href":"http:\/\/paroquiagloria.org\/v2\/index.php?rest_route=\/wp\/v2\/types\/post"}],"author":[{"embeddable":true,"href":"http:\/\/paroquiagloria.org\/v2\/index.php?rest_route=\/wp\/v2\/users\/1"}],"replies":[{"embeddable":true,"href":"http:\/\/paroquiagloria.org\/v2\/index.php?rest_route=%2Fwp%2Fv2%2Fcomments&post=10498"}],"version-history":[{"count":1,"href":"http:\/\/paroquiagloria.org\/v2\/index.php?rest_route=\/wp\/v2\/posts\/10498\/revisions"}],"predecessor-version":[{"id":10499,"href":"http:\/\/paroquiagloria.org\/v2\/index.php?rest_route=\/wp\/v2\/posts\/10498\/revisions\/10499"}],"wp:featuredmedia":[{"embeddable":true,"href":"http:\/\/paroquiagloria.org\/v2\/index.php?rest_route=\/wp\/v2\/media\/10485"}],"wp:attachment":[{"href":"http:\/\/paroquiagloria.org\/v2\/index.php?rest_route=%2Fwp%2Fv2%2Fmedia&parent=10498"}],"wp:term":[{"taxonomy":"category","embeddable":true,"href":"http:\/\/paroquiagloria.org\/v2\/index.php?rest_route=%2Fwp%2Fv2%2Fcategories&post=10498"},{"taxonomy":"post_tag","embeddable":true,"href":"http:\/\/paroquiagloria.org\/v2\/index.php?rest_route=%2Fwp%2Fv2%2Ftags&post=10498"}],"curies":[{"name":"wp","href":"https:\/\/api.w.org\/{rel}","templated":true}]}}