{"id":10496,"date":"2022-05-21T19:48:51","date_gmt":"2022-05-21T19:48:51","guid":{"rendered":"http:\/\/paroquiagloria.org\/v2\/?p=10496"},"modified":"2022-05-21T19:48:52","modified_gmt":"2022-05-21T19:48:52","slug":"oracao-do-terco-4","status":"publish","type":"post","link":"http:\/\/paroquiagloria.org\/v2\/?p=10496","title":{"rendered":"Ora\u00e7\u00e3o do Ter\u00e7o"},"content":{"rendered":"\n<div class=\"wp-block-image\"><figure class=\"aligncenter size-large\"><a href=\"http:\/\/paroquiagloria.org\/v2\/wp-content\/uploads\/2021\/04\/Terco-JMJ-4.jpeg\"><img loading=\"lazy\" width=\"1024\" height=\"1024\" src=\"http:\/\/paroquiagloria.org\/v2\/wp-content\/uploads\/2021\/04\/Terco-JMJ-4-1024x1024.jpeg\" alt=\"\" class=\"wp-image-9289\" srcset=\"http:\/\/paroquiagloria.org\/v2\/wp-content\/uploads\/2021\/04\/Terco-JMJ-4-1024x1024.jpeg 1024w, http:\/\/paroquiagloria.org\/v2\/wp-content\/uploads\/2021\/04\/Terco-JMJ-4-150x150.jpeg 150w, http:\/\/paroquiagloria.org\/v2\/wp-content\/uploads\/2021\/04\/Terco-JMJ-4-300x300.jpeg 300w, http:\/\/paroquiagloria.org\/v2\/wp-content\/uploads\/2021\/04\/Terco-JMJ-4-768x768.jpeg 768w, http:\/\/paroquiagloria.org\/v2\/wp-content\/uploads\/2021\/04\/Terco-JMJ-4-185x185.jpeg 185w, http:\/\/paroquiagloria.org\/v2\/wp-content\/uploads\/2021\/04\/Terco-JMJ-4-184x184.jpeg 184w, http:\/\/paroquiagloria.org\/v2\/wp-content\/uploads\/2021\/04\/Terco-JMJ-4.jpeg 1080w\" sizes=\"(max-width: 1024px) 100vw, 1024px\" \/><\/a><\/figure><\/div>\n\n\n\n<p>Como habitualmente, reza-se o Ter\u00e7o na nossa par\u00f3quia, com orienta\u00e7\u00e3o dos grupos abaixo indicados, para todos os que queiram participar.<br><span style=\"text-decoration: underline;\">NA S\u00c9, \u00e0s 21h30<\/span>:<br>Dia 23 &#8211; 8\u00ba ano de Catequese<br>Dia 24 &#8211; 7\u00ba ano de Catequese<br>Dia 25 &#8211; 11\u00ba ano de Catequese<br>Dia 26 &#8211; Leitores<br>Dia 27 &#8211; 10\u00ba ano de Catequese<br><strong><em>Dia 29 &#8211; Prociss\u00e3o de velas interparoquial <\/em><\/strong><\/p>\n\n\n\n<p>Dia 30 &#8211; Irmandades<br>Dia 31 &#8211; 8\u00ba ano de Catequese (grupo de 3\u00aafeira)<br><\/p>\n\n\n\n<p><span style=\"text-decoration: underline;\">EM VILAR, \u00e0s 21h<\/span>:<br>2\u00aa feira &#8211; ACR<br>3\u00aa feira &#8211; Comiss\u00e3o de Festas<br>4\u00aa feira &#8211; Vicentinas<br>5\u00aa feira &#8211; Comiss\u00e3o da Capela<br>6\u00aa feira &#8211; Escuteiros<br><\/p>\n\n\n\n<p><span style=\"text-decoration: underline;\">NO ALBOI<\/span>, todos os dias do m\u00eas \u00e0s 21h na Capela dos Santos M\u00e1rtires;<br><span style=\"text-decoration: underline;\">EM SANTIAGO<\/span>, de 2\u00aa a 6\u00aa feira \u00e0s 21h30<br><span style=\"text-decoration: underline;\">EM SANTO ANT\u00d3NIO<\/span>, de 2\u00aa a 6\u00aa feira \u00e0s 18h.<\/p>\n","protected":false},"excerpt":{"rendered":"<p>Como habitualmente, reza-se o Ter\u00e7o na nossa par\u00f3quia, com orienta\u00e7\u00e3o dos grupos abaixo indicados, para todos os que queiram participar.NA S\u00c9, \u00e0s 21h30:Dia 23 &#8211; 8\u00ba ano de CatequeseDia 24 &#8211; 7\u00ba ano de CatequeseDia 25 &#8211; 11\u00ba ano de CatequeseDia 26 &#8211; LeitoresDia 27 &#8211; 10\u00ba ano de CatequeseDia 29 &#8211; Prociss\u00e3o de velas [&hellip;]<\/p>\n","protected":false},"author":1,"featured_media":7666,"comment_status":"open","ping_status":"closed","sticky":false,"template":"","format":"standard","meta":{"ngg_post_thumbnail":0},"categories":[1,4,2,6,24],"tags":[],"_links":{"self":[{"href":"http:\/\/paroquiagloria.org\/v2\/index.php?rest_route=\/wp\/v2\/posts\/10496"}],"collection":[{"href":"http:\/\/paroquiagloria.org\/v2\/index.php?rest_route=\/wp\/v2\/posts"}],"about":[{"href":"http:\/\/paroquiagloria.org\/v2\/index.php?rest_route=\/wp\/v2\/types\/post"}],"author":[{"embeddable":true,"href":"http:\/\/paroquiagloria.org\/v2\/index.php?rest_route=\/wp\/v2\/users\/1"}],"replies":[{"embeddable":true,"href":"http:\/\/paroquiagloria.org\/v2\/index.php?rest_route=%2Fwp%2Fv2%2Fcomments&post=10496"}],"version-history":[{"count":1,"href":"http:\/\/paroquiagloria.org\/v2\/index.php?rest_route=\/wp\/v2\/posts\/10496\/revisions"}],"predecessor-version":[{"id":10497,"href":"http:\/\/paroquiagloria.org\/v2\/index.php?rest_route=\/wp\/v2\/posts\/10496\/revisions\/10497"}],"wp:featuredmedia":[{"embeddable":true,"href":"http:\/\/paroquiagloria.org\/v2\/index.php?rest_route=\/wp\/v2\/media\/7666"}],"wp:attachment":[{"href":"http:\/\/paroquiagloria.org\/v2\/index.php?rest_route=%2Fwp%2Fv2%2Fmedia&parent=10496"}],"wp:term":[{"taxonomy":"category","embeddable":true,"href":"http:\/\/paroquiagloria.org\/v2\/index.php?rest_route=%2Fwp%2Fv2%2Fcategories&post=10496"},{"taxonomy":"post_tag","embeddable":true,"href":"http:\/\/paroquiagloria.org\/v2\/index.php?rest_route=%2Fwp%2Fv2%2Ftags&post=10496"}],"curies":[{"name":"wp","href":"https:\/\/api.w.org\/{rel}","templated":true}]}}