{"id":10493,"date":"2022-05-21T19:45:31","date_gmt":"2022-05-21T19:45:31","guid":{"rendered":"http:\/\/paroquiagloria.org\/v2\/?p=10493"},"modified":"2022-05-21T19:45:32","modified_gmt":"2022-05-21T19:45:32","slug":"procissao-de-velas","status":"publish","type":"post","link":"http:\/\/paroquiagloria.org\/v2\/?p=10493","title":{"rendered":"Prociss\u00e3o de velas"},"content":{"rendered":"\n<div class=\"wp-block-image\"><figure class=\"aligncenter size-large\"><a href=\"http:\/\/paroquiagloria.org\/v2\/wp-content\/uploads\/2022\/05\/Maria.jpg\"><img loading=\"lazy\" width=\"1024\" height=\"725\" src=\"http:\/\/paroquiagloria.org\/v2\/wp-content\/uploads\/2022\/05\/Maria-1024x725.jpg\" alt=\"\" class=\"wp-image-10482\" srcset=\"http:\/\/paroquiagloria.org\/v2\/wp-content\/uploads\/2022\/05\/Maria-1024x725.jpg 1024w, http:\/\/paroquiagloria.org\/v2\/wp-content\/uploads\/2022\/05\/Maria-300x212.jpg 300w, http:\/\/paroquiagloria.org\/v2\/wp-content\/uploads\/2022\/05\/Maria-768x543.jpg 768w, http:\/\/paroquiagloria.org\/v2\/wp-content\/uploads\/2022\/05\/Maria-1536x1087.jpg 1536w, http:\/\/paroquiagloria.org\/v2\/wp-content\/uploads\/2022\/05\/Maria.jpg 2048w\" sizes=\"(max-width: 1024px) 100vw, 1024px\" \/><\/a><\/figure><\/div>\n\n\n\n<p>No pr\u00f3ximo domingo dia 29 de Maio, pelas 21h30 decorre a tradicional Prociss\u00e3o de velas em honra de Nossa Senhora de F\u00e1tima interparoquial. Tem in\u00edcio na igreja Paroquial de Nossa Senhora da Gl\u00f3ria (S\u00e9) e termina na igreja Paroquial de Nossa Senhora da Apresenta\u00e7\u00e3o (Vera Cruz).<br><\/p>\n\n\n\n<p><span style=\"text-decoration: underline;\">Ter\u00e1 como percurso<\/span>: <\/p>\n\n\n\n<p>S\u00e9 &#8211; Av. de Santa Joana &#8211; Rua Pr\u00edncipe Perfeito &#8211; Rua Dr. Nascimento Leit\u00e3o &#8211; Rua Combatentes da Grande Guerra &#8211; Rua de Coimbra &#8211; Pra\u00e7a General Humberto Delgado &#8211; Rua Jos\u00e9 Est\u00eav\u00e3o &#8211; Largo de Nossa Senhora da Apresenta\u00e7\u00e3o &#8211; Igreja da Vera Cruz.<\/p>\n","protected":false},"excerpt":{"rendered":"<p>No pr\u00f3ximo domingo dia 29 de Maio, pelas 21h30 decorre a tradicional Prociss\u00e3o de velas em honra de Nossa Senhora de F\u00e1tima interparoquial. Tem in\u00edcio na igreja Paroquial de Nossa Senhora da Gl\u00f3ria (S\u00e9) e termina na igreja Paroquial de Nossa Senhora da Apresenta\u00e7\u00e3o (Vera Cruz). Ter\u00e1 como percurso: S\u00e9 &#8211; Av. de Santa Joana [&hellip;]<\/p>\n","protected":false},"author":1,"featured_media":10483,"comment_status":"open","ping_status":"closed","sticky":false,"template":"","format":"standard","meta":{"ngg_post_thumbnail":0},"categories":[1,4,2,6,24],"tags":[],"_links":{"self":[{"href":"http:\/\/paroquiagloria.org\/v2\/index.php?rest_route=\/wp\/v2\/posts\/10493"}],"collection":[{"href":"http:\/\/paroquiagloria.org\/v2\/index.php?rest_route=\/wp\/v2\/posts"}],"about":[{"href":"http:\/\/paroquiagloria.org\/v2\/index.php?rest_route=\/wp\/v2\/types\/post"}],"author":[{"embeddable":true,"href":"http:\/\/paroquiagloria.org\/v2\/index.php?rest_route=\/wp\/v2\/users\/1"}],"replies":[{"embeddable":true,"href":"http:\/\/paroquiagloria.org\/v2\/index.php?rest_route=%2Fwp%2Fv2%2Fcomments&post=10493"}],"version-history":[{"count":2,"href":"http:\/\/paroquiagloria.org\/v2\/index.php?rest_route=\/wp\/v2\/posts\/10493\/revisions"}],"predecessor-version":[{"id":10495,"href":"http:\/\/paroquiagloria.org\/v2\/index.php?rest_route=\/wp\/v2\/posts\/10493\/revisions\/10495"}],"wp:featuredmedia":[{"embeddable":true,"href":"http:\/\/paroquiagloria.org\/v2\/index.php?rest_route=\/wp\/v2\/media\/10483"}],"wp:attachment":[{"href":"http:\/\/paroquiagloria.org\/v2\/index.php?rest_route=%2Fwp%2Fv2%2Fmedia&parent=10493"}],"wp:term":[{"taxonomy":"category","embeddable":true,"href":"http:\/\/paroquiagloria.org\/v2\/index.php?rest_route=%2Fwp%2Fv2%2Fcategories&post=10493"},{"taxonomy":"post_tag","embeddable":true,"href":"http:\/\/paroquiagloria.org\/v2\/index.php?rest_route=%2Fwp%2Fv2%2Ftags&post=10493"}],"curies":[{"name":"wp","href":"https:\/\/api.w.org\/{rel}","templated":true}]}}