{"id":10491,"date":"2022-05-21T19:42:58","date_gmt":"2022-05-21T19:42:58","guid":{"rendered":"http:\/\/paroquiagloria.org\/v2\/?p=10491"},"modified":"2022-05-21T19:59:49","modified_gmt":"2022-05-21T19:59:49","slug":"scholas-occurrentes","status":"publish","type":"post","link":"http:\/\/paroquiagloria.org\/v2\/?p=10491","title":{"rendered":"Scholas Occurrentes"},"content":{"rendered":"\n<div class=\"wp-block-image\"><figure class=\"aligncenter size-full\"><a href=\"http:\/\/paroquiagloria.org\/v2\/wp-content\/uploads\/2022\/05\/Logo-Scholas-170522.webp\"><img loading=\"lazy\" width=\"900\" height=\"500\" src=\"http:\/\/paroquiagloria.org\/v2\/wp-content\/uploads\/2022\/05\/Logo-Scholas-170522.webp\" alt=\"\" class=\"wp-image-10478\" srcset=\"http:\/\/paroquiagloria.org\/v2\/wp-content\/uploads\/2022\/05\/Logo-Scholas-170522.webp 900w, http:\/\/paroquiagloria.org\/v2\/wp-content\/uploads\/2022\/05\/Logo-Scholas-170522-300x167.webp 300w, http:\/\/paroquiagloria.org\/v2\/wp-content\/uploads\/2022\/05\/Logo-Scholas-170522-768x427.webp 768w\" sizes=\"(max-width: 900px) 100vw, 900px\" \/><\/a><\/figure><\/div>\n\n\n\n<p>O Papa Francisco reconheceu esta quinta feira o movimento educativo internacional \u2018Scholas Occurrentes\u2019 como Associa\u00e7\u00e3o privada de fi\u00e9is.<br>Este movimento nasceu, em 2001, na cidade de Buenos Aires por iniciativa do ent\u00e3o arcebispo local, D. Jorge Mario Bergoglio, o atual Papa e procura, atrav\u00e9s do compromisso pelo bem comum, no ensino secund\u00e1rio, com jovens entre os 15 e os 17 anos aproximar-se dos problemas quotidianos da comunidade atrav\u00e9s de uma perspectiva construtiva, onde participam atrav\u00e9s da investiga\u00e7\u00e3o, apresenta\u00e7\u00e3o de propostas e solu\u00e7\u00f5es.<\/p>\n\n\n\n<div class=\"wp-block-image\"><figure class=\"aligncenter size-full\"><a href=\"http:\/\/paroquiagloria.org\/v2\/wp-content\/uploads\/2022\/05\/Scholas-Occurrentes-y-Bergoglio-800x504-1.jpg\"><img loading=\"lazy\" width=\"800\" height=\"504\" src=\"http:\/\/paroquiagloria.org\/v2\/wp-content\/uploads\/2022\/05\/Scholas-Occurrentes-y-Bergoglio-800x504-1.jpg\" alt=\"\" class=\"wp-image-10479\" srcset=\"http:\/\/paroquiagloria.org\/v2\/wp-content\/uploads\/2022\/05\/Scholas-Occurrentes-y-Bergoglio-800x504-1.jpg 800w, http:\/\/paroquiagloria.org\/v2\/wp-content\/uploads\/2022\/05\/Scholas-Occurrentes-y-Bergoglio-800x504-1-300x189.jpg 300w, http:\/\/paroquiagloria.org\/v2\/wp-content\/uploads\/2022\/05\/Scholas-Occurrentes-y-Bergoglio-800x504-1-768x484.jpg 768w\" sizes=\"(max-width: 800px) 100vw, 800px\" \/><\/a><\/figure><\/div>\n\n\n\n<p class=\"has-text-align-center\"><em><mark style=\"background-color:#8ed1fc\" class=\"has-inline-color has-black-color\">\u201cOs jovens exigem de n\u00f3s uma mudan\u00e7a; interrogam-se como se pode pretender construir um futuro melhor, sem pensar na crise do meio ambiente e nos sofrimentos dos exclu\u00eddos.\u201d<\/mark><\/em><\/p>\n\n\n\n<p class=\"has-text-align-right\">Papa Francisco no encontro com os jovens das Scholas Occurrentes<\/p>\n\n\n\n<p>Mais informa\u00e7\u00f5es <a href=\"https:\/\/www.acidigital.com\/noticias\/papa-francisco-transforma-scholas-occurrentes-em-associacao-privada-de-fieis-63149\" data-type=\"URL\" data-id=\"https:\/\/www.acidigital.com\/noticias\/papa-francisco-transforma-scholas-occurrentes-em-associacao-privada-de-fieis-63149\" target=\"_blank\" rel=\"noreferrer noopener\">AQUI<\/a><\/p>\n","protected":false},"excerpt":{"rendered":"<p>O Papa Francisco reconheceu esta quinta feira o movimento educativo internacional \u2018Scholas Occurrentes\u2019 como Associa\u00e7\u00e3o privada de fi\u00e9is.Este movimento nasceu, em 2001, na cidade de Buenos Aires por iniciativa do ent\u00e3o arcebispo local, D. Jorge Mario Bergoglio, o atual Papa e procura, atrav\u00e9s do compromisso pelo bem comum, no ensino secund\u00e1rio, com jovens entre os [&hellip;]<\/p>\n","protected":false},"author":1,"featured_media":10486,"comment_status":"open","ping_status":"closed","sticky":false,"template":"","format":"standard","meta":{"ngg_post_thumbnail":0},"categories":[1,4,2,6],"tags":[],"_links":{"self":[{"href":"http:\/\/paroquiagloria.org\/v2\/index.php?rest_route=\/wp\/v2\/posts\/10491"}],"collection":[{"href":"http:\/\/paroquiagloria.org\/v2\/index.php?rest_route=\/wp\/v2\/posts"}],"about":[{"href":"http:\/\/paroquiagloria.org\/v2\/index.php?rest_route=\/wp\/v2\/types\/post"}],"author":[{"embeddable":true,"href":"http:\/\/paroquiagloria.org\/v2\/index.php?rest_route=\/wp\/v2\/users\/1"}],"replies":[{"embeddable":true,"href":"http:\/\/paroquiagloria.org\/v2\/index.php?rest_route=%2Fwp%2Fv2%2Fcomments&post=10491"}],"version-history":[{"count":2,"href":"http:\/\/paroquiagloria.org\/v2\/index.php?rest_route=\/wp\/v2\/posts\/10491\/revisions"}],"predecessor-version":[{"id":10500,"href":"http:\/\/paroquiagloria.org\/v2\/index.php?rest_route=\/wp\/v2\/posts\/10491\/revisions\/10500"}],"wp:featuredmedia":[{"embeddable":true,"href":"http:\/\/paroquiagloria.org\/v2\/index.php?rest_route=\/wp\/v2\/media\/10486"}],"wp:attachment":[{"href":"http:\/\/paroquiagloria.org\/v2\/index.php?rest_route=%2Fwp%2Fv2%2Fmedia&parent=10491"}],"wp:term":[{"taxonomy":"category","embeddable":true,"href":"http:\/\/paroquiagloria.org\/v2\/index.php?rest_route=%2Fwp%2Fv2%2Fcategories&post=10491"},{"taxonomy":"post_tag","embeddable":true,"href":"http:\/\/paroquiagloria.org\/v2\/index.php?rest_route=%2Fwp%2Fv2%2Ftags&post=10491"}],"curies":[{"name":"wp","href":"https:\/\/api.w.org\/{rel}","templated":true}]}}