{"id":10469,"date":"2022-05-14T18:45:48","date_gmt":"2022-05-14T18:45:48","guid":{"rendered":"http:\/\/paroquiagloria.org\/v2\/?p=10469"},"modified":"2022-05-14T18:45:49","modified_gmt":"2022-05-14T18:45:49","slug":"exposicao-dos-milagres-eucaristicos-2","status":"publish","type":"post","link":"http:\/\/paroquiagloria.org\/v2\/?p=10469","title":{"rendered":"Exposi\u00e7\u00e3o dos Milagres Eucar\u00edsticos"},"content":{"rendered":"\n<div class=\"wp-block-image\"><figure class=\"aligncenter size-large\"><a href=\"http:\/\/paroquiagloria.org\/v2\/wp-content\/uploads\/2022\/04\/2022.04.16-exposicao-Carlo-Acutis.jpg\"><img loading=\"lazy\" width=\"724\" height=\"1024\" src=\"http:\/\/paroquiagloria.org\/v2\/wp-content\/uploads\/2022\/04\/2022.04.16-exposicao-Carlo-Acutis-724x1024.jpg\" alt=\"\" class=\"wp-image-10369\" srcset=\"http:\/\/paroquiagloria.org\/v2\/wp-content\/uploads\/2022\/04\/2022.04.16-exposicao-Carlo-Acutis-724x1024.jpg 724w, http:\/\/paroquiagloria.org\/v2\/wp-content\/uploads\/2022\/04\/2022.04.16-exposicao-Carlo-Acutis-212x300.jpg 212w, http:\/\/paroquiagloria.org\/v2\/wp-content\/uploads\/2022\/04\/2022.04.16-exposicao-Carlo-Acutis-768x1086.jpg 768w, http:\/\/paroquiagloria.org\/v2\/wp-content\/uploads\/2022\/04\/2022.04.16-exposicao-Carlo-Acutis.jpg 960w\" sizes=\"(max-width: 724px) 100vw, 724px\" \/><\/a><\/figure><\/div>\n\n\n\n<p>O Semin\u00e1rio de Santa Joana Princesa est\u00e1 a promover, no Claustro dos Ap\u00f3stolos, a exposi\u00e7\u00e3o dos milagres eucar\u00edsticos, feita por Carlo Acutis. Este jovem foi beatificado recentemente pelo Papa Francisco, que o tomou como modelo para a juventude. Nasceu em Maio de 1991 e morreu em Outubro de 2006 e distinguiu-se por um grande amor \u00e0 eucaristia. Ele mesmo dizia: \u201cA eucaristia \u00e9 o meu caminho para o c\u00e9u\u201d.<br>A exposi\u00e7\u00e3o estar\u00e1 patente at\u00e9 ao dia 16 de Junho, Solenidade do Sagrado Corpo e Sangue de Cristo, podendo ser visitada todos os dias entre as 10 e as 18 horas, ou outro hor\u00e1rio a combinar.<\/p>\n","protected":false},"excerpt":{"rendered":"<p>O Semin\u00e1rio de Santa Joana Princesa est\u00e1 a promover, no Claustro dos Ap\u00f3stolos, a exposi\u00e7\u00e3o dos milagres eucar\u00edsticos, feita por Carlo Acutis. Este jovem foi beatificado recentemente pelo Papa Francisco, que o tomou como modelo para a juventude. Nasceu em Maio de 1991 e morreu em Outubro de 2006 e distinguiu-se por um grande amor [&hellip;]<\/p>\n","protected":false},"author":1,"featured_media":10370,"comment_status":"open","ping_status":"closed","sticky":false,"template":"","format":"standard","meta":{"ngg_post_thumbnail":0},"categories":[1,4,2,6],"tags":[],"_links":{"self":[{"href":"http:\/\/paroquiagloria.org\/v2\/index.php?rest_route=\/wp\/v2\/posts\/10469"}],"collection":[{"href":"http:\/\/paroquiagloria.org\/v2\/index.php?rest_route=\/wp\/v2\/posts"}],"about":[{"href":"http:\/\/paroquiagloria.org\/v2\/index.php?rest_route=\/wp\/v2\/types\/post"}],"author":[{"embeddable":true,"href":"http:\/\/paroquiagloria.org\/v2\/index.php?rest_route=\/wp\/v2\/users\/1"}],"replies":[{"embeddable":true,"href":"http:\/\/paroquiagloria.org\/v2\/index.php?rest_route=%2Fwp%2Fv2%2Fcomments&post=10469"}],"version-history":[{"count":1,"href":"http:\/\/paroquiagloria.org\/v2\/index.php?rest_route=\/wp\/v2\/posts\/10469\/revisions"}],"predecessor-version":[{"id":10470,"href":"http:\/\/paroquiagloria.org\/v2\/index.php?rest_route=\/wp\/v2\/posts\/10469\/revisions\/10470"}],"wp:featuredmedia":[{"embeddable":true,"href":"http:\/\/paroquiagloria.org\/v2\/index.php?rest_route=\/wp\/v2\/media\/10370"}],"wp:attachment":[{"href":"http:\/\/paroquiagloria.org\/v2\/index.php?rest_route=%2Fwp%2Fv2%2Fmedia&parent=10469"}],"wp:term":[{"taxonomy":"category","embeddable":true,"href":"http:\/\/paroquiagloria.org\/v2\/index.php?rest_route=%2Fwp%2Fv2%2Fcategories&post=10469"},{"taxonomy":"post_tag","embeddable":true,"href":"http:\/\/paroquiagloria.org\/v2\/index.php?rest_route=%2Fwp%2Fv2%2Ftags&post=10469"}],"curies":[{"name":"wp","href":"https:\/\/api.w.org\/{rel}","templated":true}]}}