{"id":10465,"date":"2022-05-14T18:43:04","date_gmt":"2022-05-14T18:43:04","guid":{"rendered":"http:\/\/paroquiagloria.org\/v2\/?p=10465"},"modified":"2022-05-14T18:43:05","modified_gmt":"2022-05-14T18:43:05","slug":"jmj2023familias-de-acolhimento","status":"publish","type":"post","link":"http:\/\/paroquiagloria.org\/v2\/?p=10465","title":{"rendered":"JMJ2023<br>Fam\u00edlias de Acolhimento"},"content":{"rendered":"\n<div class=\"wp-block-image\"><figure class=\"aligncenter size-full\"><a href=\"http:\/\/paroquiagloria.org\/v2\/wp-content\/uploads\/2021\/06\/banner_JMJ_Aveiro.jpg\"><img loading=\"lazy\" width=\"960\" height=\"450\" src=\"http:\/\/paroquiagloria.org\/v2\/wp-content\/uploads\/2021\/06\/banner_JMJ_Aveiro.jpg\" alt=\"\" class=\"wp-image-9490\" srcset=\"http:\/\/paroquiagloria.org\/v2\/wp-content\/uploads\/2021\/06\/banner_JMJ_Aveiro.jpg 960w, http:\/\/paroquiagloria.org\/v2\/wp-content\/uploads\/2021\/06\/banner_JMJ_Aveiro-300x141.jpg 300w, http:\/\/paroquiagloria.org\/v2\/wp-content\/uploads\/2021\/06\/banner_JMJ_Aveiro-768x360.jpg 768w\" sizes=\"(max-width: 960px) 100vw, 960px\" \/><\/a><\/figure><\/div>\n\n\n\n<p>Os Dias nas Dioceses antecedem as JMJ e v\u00e3o permitir que muitos jovens de todo o mundo estejam alguns dias na nossa cidade e na nossa Diocese. Para isso s\u00e3o necess\u00e1rias fam\u00edlias que os recebam nas suas casas. Nas Eucaristias ser\u00e3o dadas mais informa\u00e7\u00f5es. Se quiser inscrever-se como fam\u00edlia de acolhimento poder\u00e1 faz\u00ea-lo atrav\u00e9s do seguinte link ou na secretaria.<\/p>\n\n\n\n<p><a href=\"https:\/\/forms.gle\/vm6gSh1ZU8byXYu77\" target=\"_blank\" rel=\"noreferrer noopener\">https:\/\/forms.gle\/vm6gSh1ZU8byXYu77<\/a><\/p>\n\n\n\n<p><\/p>\n\n\n\n<p><\/p>\n","protected":false},"excerpt":{"rendered":"<p>Os Dias nas Dioceses antecedem as JMJ e v\u00e3o permitir que muitos jovens de todo o mundo estejam alguns dias na nossa cidade e na nossa Diocese. Para isso s\u00e3o necess\u00e1rias fam\u00edlias que os recebam nas suas casas. Nas Eucaristias ser\u00e3o dadas mais informa\u00e7\u00f5es. Se quiser inscrever-se como fam\u00edlia de acolhimento poder\u00e1 faz\u00ea-lo atrav\u00e9s do [&hellip;]<\/p>\n","protected":false},"author":1,"featured_media":9490,"comment_status":"open","ping_status":"closed","sticky":false,"template":"","format":"standard","meta":{"ngg_post_thumbnail":0},"categories":[1,4,2,6,24],"tags":[],"_links":{"self":[{"href":"http:\/\/paroquiagloria.org\/v2\/index.php?rest_route=\/wp\/v2\/posts\/10465"}],"collection":[{"href":"http:\/\/paroquiagloria.org\/v2\/index.php?rest_route=\/wp\/v2\/posts"}],"about":[{"href":"http:\/\/paroquiagloria.org\/v2\/index.php?rest_route=\/wp\/v2\/types\/post"}],"author":[{"embeddable":true,"href":"http:\/\/paroquiagloria.org\/v2\/index.php?rest_route=\/wp\/v2\/users\/1"}],"replies":[{"embeddable":true,"href":"http:\/\/paroquiagloria.org\/v2\/index.php?rest_route=%2Fwp%2Fv2%2Fcomments&post=10465"}],"version-history":[{"count":1,"href":"http:\/\/paroquiagloria.org\/v2\/index.php?rest_route=\/wp\/v2\/posts\/10465\/revisions"}],"predecessor-version":[{"id":10466,"href":"http:\/\/paroquiagloria.org\/v2\/index.php?rest_route=\/wp\/v2\/posts\/10465\/revisions\/10466"}],"wp:featuredmedia":[{"embeddable":true,"href":"http:\/\/paroquiagloria.org\/v2\/index.php?rest_route=\/wp\/v2\/media\/9490"}],"wp:attachment":[{"href":"http:\/\/paroquiagloria.org\/v2\/index.php?rest_route=%2Fwp%2Fv2%2Fmedia&parent=10465"}],"wp:term":[{"taxonomy":"category","embeddable":true,"href":"http:\/\/paroquiagloria.org\/v2\/index.php?rest_route=%2Fwp%2Fv2%2Fcategories&post=10465"},{"taxonomy":"post_tag","embeddable":true,"href":"http:\/\/paroquiagloria.org\/v2\/index.php?rest_route=%2Fwp%2Fv2%2Ftags&post=10465"}],"curies":[{"name":"wp","href":"https:\/\/api.w.org\/{rel}","templated":true}]}}