{"id":10463,"date":"2022-05-14T18:27:33","date_gmt":"2022-05-14T18:27:33","guid":{"rendered":"http:\/\/paroquiagloria.org\/v2\/?p=10463"},"modified":"2022-05-14T18:27:34","modified_gmt":"2022-05-14T18:27:34","slug":"oracao-do-terco-3","status":"publish","type":"post","link":"http:\/\/paroquiagloria.org\/v2\/?p=10463","title":{"rendered":"Ora\u00e7\u00e3o do Ter\u00e7o"},"content":{"rendered":"\n<div class=\"wp-block-image\"><figure class=\"aligncenter size-full\"><a href=\"http:\/\/paroquiagloria.org\/v2\/wp-content\/uploads\/2019\/05\/banner_terco_ora.jpg\"><img loading=\"lazy\" width=\"960\" height=\"450\" src=\"http:\/\/paroquiagloria.org\/v2\/wp-content\/uploads\/2019\/05\/banner_terco_ora.jpg\" alt=\"\" class=\"wp-image-7666\" srcset=\"http:\/\/paroquiagloria.org\/v2\/wp-content\/uploads\/2019\/05\/banner_terco_ora.jpg 960w, http:\/\/paroquiagloria.org\/v2\/wp-content\/uploads\/2019\/05\/banner_terco_ora-300x141.jpg 300w\" sizes=\"(max-width: 960px) 100vw, 960px\" \/><\/a><\/figure><\/div>\n\n\n\n<p>Como habitualmente, reza-se o Ter\u00e7o na nossa par\u00f3quia, com orienta\u00e7\u00e3o dos grupos abaixo indicados, para todos os que queiram participar.<br><\/p>\n\n\n\n<p><strong><span style=\"text-decoration: underline;\">NA S\u00c9, \u00e0s 21h30:<\/span><\/strong><br>Dia 16 &#8211; 7\u00ba ano de Catequese<br>Dia 17 &#8211; Pastoral Familiar<br>Dia 18 &#8211; 5\u00ba ano de Catequese (21h00)<br>Dia 19 &#8211; Vicentinas<br>Dia 20 &#8211; 12\u00ba ano de Catequese<br>Dia 23 &#8211; 8\u00ba ano de Catequese<br><\/p>\n\n\n\n<p><strong><span style=\"text-decoration: underline;\">EM VILAR, \u00e0s 21h:<\/span><\/strong><br>2\u00aa feira &#8211; ACR<br>3\u00aa feira &#8211; Comiss\u00e3o de Festas<br>4\u00aa feira &#8211; Vicentinas<br>5\u00aa feira &#8211; Comiss\u00e3o da Capela<br>6\u00aa feira &#8211; Escuteiros<br><\/p>\n\n\n\n<p><strong><span style=\"text-decoration: underline;\">NO ALBOI<\/span>,<\/strong> todos os dias do m\u00eas \u00e0s 21h na Capela dos Santos M\u00e1rtires;<br><\/p>\n\n\n\n<p><span style=\"text-decoration: underline;\"><strong>EM SANTIAGO<\/strong><\/span><strong>,<\/strong> de 2\u00aa a 6\u00aa feira \u00e0s 21h30<br><\/p>\n\n\n\n<p><strong><span style=\"text-decoration: underline;\">EM SANTO ANT\u00d3NIO<\/span>,<\/strong> de 2\u00aa a 6\u00aa feira \u00e0s 18h.<\/p>\n","protected":false},"excerpt":{"rendered":"<p>Como habitualmente, reza-se o Ter\u00e7o na nossa par\u00f3quia, com orienta\u00e7\u00e3o dos grupos abaixo indicados, para todos os que queiram participar. NA S\u00c9, \u00e0s 21h30:Dia 16 &#8211; 7\u00ba ano de CatequeseDia 17 &#8211; Pastoral FamiliarDia 18 &#8211; 5\u00ba ano de Catequese (21h00)Dia 19 &#8211; VicentinasDia 20 &#8211; 12\u00ba ano de CatequeseDia 23 &#8211; 8\u00ba ano de [&hellip;]<\/p>\n","protected":false},"author":1,"featured_media":7666,"comment_status":"open","ping_status":"closed","sticky":false,"template":"","format":"standard","meta":{"ngg_post_thumbnail":0},"categories":[1,4,2,6,24],"tags":[],"_links":{"self":[{"href":"http:\/\/paroquiagloria.org\/v2\/index.php?rest_route=\/wp\/v2\/posts\/10463"}],"collection":[{"href":"http:\/\/paroquiagloria.org\/v2\/index.php?rest_route=\/wp\/v2\/posts"}],"about":[{"href":"http:\/\/paroquiagloria.org\/v2\/index.php?rest_route=\/wp\/v2\/types\/post"}],"author":[{"embeddable":true,"href":"http:\/\/paroquiagloria.org\/v2\/index.php?rest_route=\/wp\/v2\/users\/1"}],"replies":[{"embeddable":true,"href":"http:\/\/paroquiagloria.org\/v2\/index.php?rest_route=%2Fwp%2Fv2%2Fcomments&post=10463"}],"version-history":[{"count":1,"href":"http:\/\/paroquiagloria.org\/v2\/index.php?rest_route=\/wp\/v2\/posts\/10463\/revisions"}],"predecessor-version":[{"id":10464,"href":"http:\/\/paroquiagloria.org\/v2\/index.php?rest_route=\/wp\/v2\/posts\/10463\/revisions\/10464"}],"wp:featuredmedia":[{"embeddable":true,"href":"http:\/\/paroquiagloria.org\/v2\/index.php?rest_route=\/wp\/v2\/media\/7666"}],"wp:attachment":[{"href":"http:\/\/paroquiagloria.org\/v2\/index.php?rest_route=%2Fwp%2Fv2%2Fmedia&parent=10463"}],"wp:term":[{"taxonomy":"category","embeddable":true,"href":"http:\/\/paroquiagloria.org\/v2\/index.php?rest_route=%2Fwp%2Fv2%2Fcategories&post=10463"},{"taxonomy":"post_tag","embeddable":true,"href":"http:\/\/paroquiagloria.org\/v2\/index.php?rest_route=%2Fwp%2Fv2%2Ftags&post=10463"}],"curies":[{"name":"wp","href":"https:\/\/api.w.org\/{rel}","templated":true}]}}