{"id":10459,"date":"2022-05-14T18:23:46","date_gmt":"2022-05-14T18:23:46","guid":{"rendered":"http:\/\/paroquiagloria.org\/v2\/?p=10459"},"modified":"2022-05-14T18:23:47","modified_gmt":"2022-05-14T18:23:47","slug":"vem-para-o-meio","status":"publish","type":"post","link":"http:\/\/paroquiagloria.org\/v2\/?p=10459","title":{"rendered":"\u201cVem para o meio\u201d"},"content":{"rendered":"\n<h2>F\u00e9rias para pais de pessoas com defici\u00eancia<\/h2>\n\n\n\n<div class=\"wp-block-image\"><figure class=\"aligncenter size-large\"><a href=\"http:\/\/paroquiagloria.org\/v2\/wp-content\/uploads\/2022\/05\/afbanner-vem-para-o-meio22v02-scaled.jpg\"><img loading=\"lazy\" width=\"1024\" height=\"427\" src=\"http:\/\/paroquiagloria.org\/v2\/wp-content\/uploads\/2022\/05\/afbanner-vem-para-o-meio22v02-1024x427.jpg\" alt=\"\" class=\"wp-image-10457\" srcset=\"http:\/\/paroquiagloria.org\/v2\/wp-content\/uploads\/2022\/05\/afbanner-vem-para-o-meio22v02-1024x427.jpg 1024w, http:\/\/paroquiagloria.org\/v2\/wp-content\/uploads\/2022\/05\/afbanner-vem-para-o-meio22v02-300x125.jpg 300w, http:\/\/paroquiagloria.org\/v2\/wp-content\/uploads\/2022\/05\/afbanner-vem-para-o-meio22v02-768x320.jpg 768w, http:\/\/paroquiagloria.org\/v2\/wp-content\/uploads\/2022\/05\/afbanner-vem-para-o-meio22v02-1536x640.jpg 1536w, http:\/\/paroquiagloria.org\/v2\/wp-content\/uploads\/2022\/05\/afbanner-vem-para-o-meio22v02-2048x854.jpg 2048w\" sizes=\"(max-width: 1024px) 100vw, 1024px\" \/><\/a><\/figure><\/div>\n\n\n\n<p>Proposta pelo Santu\u00e1rio de F\u00e1tima, esta iniciativa destina-se a proporcionar em primeiro lugar uns dias (uma semana) de f\u00e9rias a pessoas com defici\u00eancia e aos seus pais um tempo de descanso, \u00e0s vezes o \u00fanico no ano, durante o qual os seus filhos ficam entregues a um corpo de volunt\u00e1rios.<br>Os documentos para inscri\u00e7\u00e3o podem ser enviados para o Santu\u00e1rio de F\u00e1tima por email ou por correio.<br>Pode encontrar mais informa\u00e7\u00f5es sobre os jovens participantes ou sobre os volunt\u00e1rios em: <a href=\"https:\/\/www.fatima.pt\/pt\/pages\/vem-para-o-meio\" target=\"_blank\" rel=\"noreferrer noopener\">https:\/\/www.fatima.pt\/pt\/pages\/vem-para-o-meio<\/a><\/p>\n","protected":false},"excerpt":{"rendered":"<p>F\u00e9rias para pais de pessoas com defici\u00eancia Proposta pelo Santu\u00e1rio de F\u00e1tima, esta iniciativa destina-se a proporcionar em primeiro lugar uns dias (uma semana) de f\u00e9rias a pessoas com defici\u00eancia e aos seus pais um tempo de descanso, \u00e0s vezes o \u00fanico no ano, durante o qual os seus filhos ficam entregues a um corpo [&hellip;]<\/p>\n","protected":false},"author":1,"featured_media":10458,"comment_status":"open","ping_status":"closed","sticky":false,"template":"","format":"standard","meta":{"ngg_post_thumbnail":0},"categories":[1,4,2,6],"tags":[],"_links":{"self":[{"href":"http:\/\/paroquiagloria.org\/v2\/index.php?rest_route=\/wp\/v2\/posts\/10459"}],"collection":[{"href":"http:\/\/paroquiagloria.org\/v2\/index.php?rest_route=\/wp\/v2\/posts"}],"about":[{"href":"http:\/\/paroquiagloria.org\/v2\/index.php?rest_route=\/wp\/v2\/types\/post"}],"author":[{"embeddable":true,"href":"http:\/\/paroquiagloria.org\/v2\/index.php?rest_route=\/wp\/v2\/users\/1"}],"replies":[{"embeddable":true,"href":"http:\/\/paroquiagloria.org\/v2\/index.php?rest_route=%2Fwp%2Fv2%2Fcomments&post=10459"}],"version-history":[{"count":1,"href":"http:\/\/paroquiagloria.org\/v2\/index.php?rest_route=\/wp\/v2\/posts\/10459\/revisions"}],"predecessor-version":[{"id":10460,"href":"http:\/\/paroquiagloria.org\/v2\/index.php?rest_route=\/wp\/v2\/posts\/10459\/revisions\/10460"}],"wp:featuredmedia":[{"embeddable":true,"href":"http:\/\/paroquiagloria.org\/v2\/index.php?rest_route=\/wp\/v2\/media\/10458"}],"wp:attachment":[{"href":"http:\/\/paroquiagloria.org\/v2\/index.php?rest_route=%2Fwp%2Fv2%2Fmedia&parent=10459"}],"wp:term":[{"taxonomy":"category","embeddable":true,"href":"http:\/\/paroquiagloria.org\/v2\/index.php?rest_route=%2Fwp%2Fv2%2Fcategories&post=10459"},{"taxonomy":"post_tag","embeddable":true,"href":"http:\/\/paroquiagloria.org\/v2\/index.php?rest_route=%2Fwp%2Fv2%2Ftags&post=10459"}],"curies":[{"name":"wp","href":"https:\/\/api.w.org\/{rel}","templated":true}]}}