{"id":10448,"date":"2022-05-07T18:54:07","date_gmt":"2022-05-07T18:54:07","guid":{"rendered":"http:\/\/paroquiagloria.org\/v2\/?p=10448"},"modified":"2022-05-07T18:54:08","modified_gmt":"2022-05-07T18:54:08","slug":"oracao-do-terco-2","status":"publish","type":"post","link":"http:\/\/paroquiagloria.org\/v2\/?p=10448","title":{"rendered":"Ora\u00e7\u00e3o do Ter\u00e7o"},"content":{"rendered":"\n<div class=\"wp-block-image\"><figure class=\"aligncenter size-full\"><a href=\"http:\/\/paroquiagloria.org\/v2\/wp-content\/uploads\/2019\/05\/terco_ora.jpg\"><img loading=\"lazy\" width=\"726\" height=\"345\" src=\"http:\/\/paroquiagloria.org\/v2\/wp-content\/uploads\/2019\/05\/terco_ora.jpg\" alt=\"\" class=\"wp-image-7663\" srcset=\"http:\/\/paroquiagloria.org\/v2\/wp-content\/uploads\/2019\/05\/terco_ora.jpg 726w, http:\/\/paroquiagloria.org\/v2\/wp-content\/uploads\/2019\/05\/terco_ora-300x143.jpg 300w\" sizes=\"(max-width: 726px) 100vw, 726px\" \/><\/a><\/figure><\/div>\n\n\n\n<p>Como habitualmente, reza-se o Ter\u00e7o na nossa par\u00f3quia, com orienta\u00e7\u00e3o dos grupos abaixo indicados, para todos os que queiram participar.<br><\/p>\n\n\n\n<p><strong>NA S\u00c9, \u00e0s 21h30:<\/strong><br>Dia 9 &#8211; Oficinas de Ora\u00e7\u00e3o<br>Dia 13 &#8211; Ter\u00e7o e Prociss\u00e3o de velas em honra de Nossa Senhora de F\u00e1tima, em Santiago.<br>Dia 16 &#8211; 7\u00ba ano de Catequese<br>Dia 17 &#8211; Pastoral Familiar<br>Dia 18 &#8211; 5\u00ba ano de Catequese<br>Dia 19 &#8211; Vicentinas<br>Dia 20 &#8211; 12\u00ba ano de Catequese<br><\/p>\n\n\n\n<p><strong>EM VILAR, \u00e0s 21h:<\/strong><br>2\u00aa feira &#8211; ACR<br>3\u00aa feira &#8211; Comiss\u00e3o de Festas<br>4\u00aa feira &#8211; Vicentinas<br>5\u00aa feira &#8211; Comiss\u00e3o da Capela<br>6\u00aa feira &#8211; Escuteiros<br><\/p>\n\n\n\n<p>N<strong>O ALBOI,<\/strong> todos os dias do m\u00eas \u00e0s 21h30 na Capela dos Santos M\u00e1rtires;<br><\/p>\n\n\n\n<p><strong>EM SANTIAGO<\/strong>, de 2\u00aa a 6\u00aa feira \u00e0s 21h30<br><\/p>\n\n\n\n<p><strong>EM SANTO ANT\u00d3NIO, <\/strong>de 2\u00aa a 6\u00aa feira \u00e0s 18h.<\/p>\n","protected":false},"excerpt":{"rendered":"<p>Como habitualmente, reza-se o Ter\u00e7o na nossa par\u00f3quia, com orienta\u00e7\u00e3o dos grupos abaixo indicados, para todos os que queiram participar. NA S\u00c9, \u00e0s 21h30:Dia 9 &#8211; Oficinas de Ora\u00e7\u00e3oDia 13 &#8211; Ter\u00e7o e Prociss\u00e3o de velas em honra de Nossa Senhora de F\u00e1tima, em Santiago.Dia 16 &#8211; 7\u00ba ano de CatequeseDia 17 &#8211; Pastoral FamiliarDia [&hellip;]<\/p>\n","protected":false},"author":1,"featured_media":7666,"comment_status":"open","ping_status":"closed","sticky":false,"template":"","format":"standard","meta":{"ngg_post_thumbnail":0},"categories":[1,4,2,6],"tags":[],"_links":{"self":[{"href":"http:\/\/paroquiagloria.org\/v2\/index.php?rest_route=\/wp\/v2\/posts\/10448"}],"collection":[{"href":"http:\/\/paroquiagloria.org\/v2\/index.php?rest_route=\/wp\/v2\/posts"}],"about":[{"href":"http:\/\/paroquiagloria.org\/v2\/index.php?rest_route=\/wp\/v2\/types\/post"}],"author":[{"embeddable":true,"href":"http:\/\/paroquiagloria.org\/v2\/index.php?rest_route=\/wp\/v2\/users\/1"}],"replies":[{"embeddable":true,"href":"http:\/\/paroquiagloria.org\/v2\/index.php?rest_route=%2Fwp%2Fv2%2Fcomments&post=10448"}],"version-history":[{"count":1,"href":"http:\/\/paroquiagloria.org\/v2\/index.php?rest_route=\/wp\/v2\/posts\/10448\/revisions"}],"predecessor-version":[{"id":10449,"href":"http:\/\/paroquiagloria.org\/v2\/index.php?rest_route=\/wp\/v2\/posts\/10448\/revisions\/10449"}],"wp:featuredmedia":[{"embeddable":true,"href":"http:\/\/paroquiagloria.org\/v2\/index.php?rest_route=\/wp\/v2\/media\/7666"}],"wp:attachment":[{"href":"http:\/\/paroquiagloria.org\/v2\/index.php?rest_route=%2Fwp%2Fv2%2Fmedia&parent=10448"}],"wp:term":[{"taxonomy":"category","embeddable":true,"href":"http:\/\/paroquiagloria.org\/v2\/index.php?rest_route=%2Fwp%2Fv2%2Fcategories&post=10448"},{"taxonomy":"post_tag","embeddable":true,"href":"http:\/\/paroquiagloria.org\/v2\/index.php?rest_route=%2Fwp%2Fv2%2Ftags&post=10448"}],"curies":[{"name":"wp","href":"https:\/\/api.w.org\/{rel}","templated":true}]}}