{"id":10439,"date":"2022-05-07T18:08:09","date_gmt":"2022-05-07T18:08:09","guid":{"rendered":"http:\/\/paroquiagloria.org\/v2\/?p=10439"},"modified":"2022-05-07T18:09:34","modified_gmt":"2022-05-07T18:09:34","slug":"oficina-paroquial-de-agentes-de-pastoral-2","status":"publish","type":"post","link":"http:\/\/paroquiagloria.org\/v2\/?p=10439","title":{"rendered":"OFICINA PAROQUIAL de AGENTES de PASTORAL"},"content":{"rendered":"\n<figure class=\"wp-block-image size-full\"><a href=\"http:\/\/paroquiagloria.org\/v2\/wp-content\/uploads\/2022\/05\/banner_OficinaOracao_2022.jpg\"><img loading=\"lazy\" width=\"960\" height=\"450\" src=\"http:\/\/paroquiagloria.org\/v2\/wp-content\/uploads\/2022\/05\/banner_OficinaOracao_2022.jpg\" alt=\"\" class=\"wp-image-10440\" srcset=\"http:\/\/paroquiagloria.org\/v2\/wp-content\/uploads\/2022\/05\/banner_OficinaOracao_2022.jpg 960w, http:\/\/paroquiagloria.org\/v2\/wp-content\/uploads\/2022\/05\/banner_OficinaOracao_2022-300x141.jpg 300w, http:\/\/paroquiagloria.org\/v2\/wp-content\/uploads\/2022\/05\/banner_OficinaOracao_2022-768x360.jpg 768w\" sizes=\"(max-width: 960px) 100vw, 960px\" \/><\/a><\/figure>\n\n\n\n<p>Decorre no pr\u00f3ximo s\u00e1bado, <strong>dia 14 de Maio<\/strong>, no Centro Paroquial, com in\u00edcio \u00e0s 15h e encerramento \u00e0s 18h, mais uma OFICINA PAROQUIAL DOS AGENTES de PASTORAL da mossa Par\u00f3quia. A \u00faltima aconteceu a 5 de Mar\u00e7o, logo no princ\u00edpio da Quaresma.<br>Como estamos no Tempo Pascal, e de acordo com os objectivos desta actividade, lembra-se a todos os que exercem algum servi\u00e7o na nossa comunidade, em qualquer ramo, que devem participar nesta Oficina, para poderem descobrir e viver melhor a espiritualidade pr\u00f3pria deste Tempo.<br>Sendo tamb\u00e9m pr\u00e1tica, ser\u00e1 oportunidade para melhorar o exerc\u00edcio do respectivo servi\u00e7o.<\/p>\n","protected":false},"excerpt":{"rendered":"<p>Decorre no pr\u00f3ximo s\u00e1bado, dia 14 de Maio, no Centro Paroquial, com in\u00edcio \u00e0s 15h e encerramento \u00e0s 18h, mais uma OFICINA PAROQUIAL DOS AGENTES de PASTORAL da mossa Par\u00f3quia. A \u00faltima aconteceu a 5 de Mar\u00e7o, logo no princ\u00edpio da Quaresma.Como estamos no Tempo Pascal, e de acordo com os objectivos desta actividade, lembra-se [&hellip;]<\/p>\n","protected":false},"author":1,"featured_media":10440,"comment_status":"open","ping_status":"closed","sticky":false,"template":"","format":"standard","meta":{"ngg_post_thumbnail":0},"categories":[1,4,2,6,24],"tags":[],"_links":{"self":[{"href":"http:\/\/paroquiagloria.org\/v2\/index.php?rest_route=\/wp\/v2\/posts\/10439"}],"collection":[{"href":"http:\/\/paroquiagloria.org\/v2\/index.php?rest_route=\/wp\/v2\/posts"}],"about":[{"href":"http:\/\/paroquiagloria.org\/v2\/index.php?rest_route=\/wp\/v2\/types\/post"}],"author":[{"embeddable":true,"href":"http:\/\/paroquiagloria.org\/v2\/index.php?rest_route=\/wp\/v2\/users\/1"}],"replies":[{"embeddable":true,"href":"http:\/\/paroquiagloria.org\/v2\/index.php?rest_route=%2Fwp%2Fv2%2Fcomments&post=10439"}],"version-history":[{"count":1,"href":"http:\/\/paroquiagloria.org\/v2\/index.php?rest_route=\/wp\/v2\/posts\/10439\/revisions"}],"predecessor-version":[{"id":10441,"href":"http:\/\/paroquiagloria.org\/v2\/index.php?rest_route=\/wp\/v2\/posts\/10439\/revisions\/10441"}],"wp:featuredmedia":[{"embeddable":true,"href":"http:\/\/paroquiagloria.org\/v2\/index.php?rest_route=\/wp\/v2\/media\/10440"}],"wp:attachment":[{"href":"http:\/\/paroquiagloria.org\/v2\/index.php?rest_route=%2Fwp%2Fv2%2Fmedia&parent=10439"}],"wp:term":[{"taxonomy":"category","embeddable":true,"href":"http:\/\/paroquiagloria.org\/v2\/index.php?rest_route=%2Fwp%2Fv2%2Fcategories&post=10439"},{"taxonomy":"post_tag","embeddable":true,"href":"http:\/\/paroquiagloria.org\/v2\/index.php?rest_route=%2Fwp%2Fv2%2Ftags&post=10439"}],"curies":[{"name":"wp","href":"https:\/\/api.w.org\/{rel}","templated":true}]}}