{"id":10435,"date":"2022-05-07T17:39:55","date_gmt":"2022-05-07T17:39:55","guid":{"rendered":"http:\/\/paroquiagloria.org\/v2\/?p=10435"},"modified":"2022-05-07T17:39:56","modified_gmt":"2022-05-07T17:39:56","slug":"semana-da-partilha-6","status":"publish","type":"post","link":"http:\/\/paroquiagloria.org\/v2\/?p=10435","title":{"rendered":"Semana da Partilha"},"content":{"rendered":"\n<div class=\"wp-block-image\"><figure class=\"aligncenter size-large\"><a href=\"http:\/\/paroquiagloria.org\/v2\/wp-content\/uploads\/2022\/05\/semanapartilha2022.jpg\"><img loading=\"lazy\" width=\"1024\" height=\"851\" src=\"http:\/\/paroquiagloria.org\/v2\/wp-content\/uploads\/2022\/05\/semanapartilha2022-1024x851.jpg\" alt=\"\" class=\"wp-image-10425\" srcset=\"http:\/\/paroquiagloria.org\/v2\/wp-content\/uploads\/2022\/05\/semanapartilha2022-1024x851.jpg 1024w, http:\/\/paroquiagloria.org\/v2\/wp-content\/uploads\/2022\/05\/semanapartilha2022-300x249.jpg 300w, http:\/\/paroquiagloria.org\/v2\/wp-content\/uploads\/2022\/05\/semanapartilha2022-768x638.jpg 768w, http:\/\/paroquiagloria.org\/v2\/wp-content\/uploads\/2022\/05\/semanapartilha2022-1536x1276.jpg 1536w, http:\/\/paroquiagloria.org\/v2\/wp-content\/uploads\/2022\/05\/semanapartilha2022.jpg 1840w\" sizes=\"(max-width: 1024px) 100vw, 1024px\" \/><\/a><\/figure><\/div>\n\n\n\n<p>Este ano voltamos a fazer a din\u00e2mica da semana da partilha na nossa Par\u00f3quia. Com moldes diferentes mas queremos, ao longo da pr\u00f3xima semana, ter mais presentes aqueles que mais necessitam na nossa cidade. Pode ajudar, deixando os bens alimentares ao longo da semana e nas Eucaristias dos dias <strong>14 e 15 de maio<\/strong> nos cestos que estar\u00e3o dispon\u00edveis para esse efeito. Todos os bens doados ser\u00e3o um refor\u00e7o para compor os cabazes que a <strong>Confer\u00eancia Vicentina<\/strong> oferece todos os meses aos mais necessitados<\/p>\n","protected":false},"excerpt":{"rendered":"<p>Este ano voltamos a fazer a din\u00e2mica da semana da partilha na nossa Par\u00f3quia. Com moldes diferentes mas queremos, ao longo da pr\u00f3xima semana, ter mais presentes aqueles que mais necessitam na nossa cidade. Pode ajudar, deixando os bens alimentares ao longo da semana e nas Eucaristias dos dias 14 e 15 de maio nos [&hellip;]<\/p>\n","protected":false},"author":1,"featured_media":10424,"comment_status":"open","ping_status":"closed","sticky":false,"template":"","format":"standard","meta":{"ngg_post_thumbnail":0},"categories":[1,4,2,6,24],"tags":[],"_links":{"self":[{"href":"http:\/\/paroquiagloria.org\/v2\/index.php?rest_route=\/wp\/v2\/posts\/10435"}],"collection":[{"href":"http:\/\/paroquiagloria.org\/v2\/index.php?rest_route=\/wp\/v2\/posts"}],"about":[{"href":"http:\/\/paroquiagloria.org\/v2\/index.php?rest_route=\/wp\/v2\/types\/post"}],"author":[{"embeddable":true,"href":"http:\/\/paroquiagloria.org\/v2\/index.php?rest_route=\/wp\/v2\/users\/1"}],"replies":[{"embeddable":true,"href":"http:\/\/paroquiagloria.org\/v2\/index.php?rest_route=%2Fwp%2Fv2%2Fcomments&post=10435"}],"version-history":[{"count":1,"href":"http:\/\/paroquiagloria.org\/v2\/index.php?rest_route=\/wp\/v2\/posts\/10435\/revisions"}],"predecessor-version":[{"id":10436,"href":"http:\/\/paroquiagloria.org\/v2\/index.php?rest_route=\/wp\/v2\/posts\/10435\/revisions\/10436"}],"wp:featuredmedia":[{"embeddable":true,"href":"http:\/\/paroquiagloria.org\/v2\/index.php?rest_route=\/wp\/v2\/media\/10424"}],"wp:attachment":[{"href":"http:\/\/paroquiagloria.org\/v2\/index.php?rest_route=%2Fwp%2Fv2%2Fmedia&parent=10435"}],"wp:term":[{"taxonomy":"category","embeddable":true,"href":"http:\/\/paroquiagloria.org\/v2\/index.php?rest_route=%2Fwp%2Fv2%2Fcategories&post=10435"},{"taxonomy":"post_tag","embeddable":true,"href":"http:\/\/paroquiagloria.org\/v2\/index.php?rest_route=%2Fwp%2Fv2%2Ftags&post=10435"}],"curies":[{"name":"wp","href":"https:\/\/api.w.org\/{rel}","templated":true}]}}